{"id":60521,"date":"2025-10-10T12:15:18","date_gmt":"2025-10-10T09:15:18","guid":{"rendered":"https:\/\/www.egemtv.com\/?p=60521"},"modified":"2025-10-10T12:15:18","modified_gmt":"2025-10-10T09:15:18","slug":"vali-isin-universite-kamu-isbirligi-kutahyanin-sosyal-kalkinmasina-katki-sunmaktadir","status":"publish","type":"post","link":"https:\/\/www.egemtv.com\/?p=60521","title":{"rendered":"Vali I\u015f\u0131n, &#8220;\u00dcniversite-kamu i\u015fbirli\u011fi K\u00fctahya\u2019n\u0131n sosyal kalk\u0131nmas\u0131na katk\u0131 sunmaktad\u0131r&#8221;"},"content":{"rendered":"<p>K\u00fctahya Valisi Musa I\u015f\u0131n, K\u00fctahya Sa\u011fl\u0131k Bilimleri \u00dcniversitesi (KSB\u00dc) Sa\u011fl\u0131k Bilimleri Fak\u00fcltesi Sosyal Hizmet B\u00f6l\u00fcm Ba\u015fkan\u0131 Prof. Dr. Sultan G\u00fc\u00e7l\u00fc\u2019y\u00fc kabul\u00fcnde, \u00fcniversite-kamu i\u015f birli\u011finin K\u00fctahya\u2019n\u0131n sosyal kalk\u0131nmas\u0131na sundu\u011fu katk\u0131lardan duydu\u011fu memnuniyeti dile getirdi.<br \/>\n<br \/>Ziyarette, K\u00fctahya Valili\u011fi\u2019nin destekleriyle y\u00fcr\u00fct\u00fclen projeler hakk\u0131nda bilgilendirmelerde bulunuldu. Prof. Dr. G\u00fc\u00e7l\u00fc, K\u00fctahya Valili\u011fi ile K\u00fctahya Sa\u011fl\u0131k Bilimleri \u00dcniversitesi i\u015f birli\u011fiyle ger\u00e7ekle\u015ftirilen toplumsal katk\u0131 \u00e7al\u0131\u015fmalar\u0131 kapsam\u0131nda hayata ge\u00e7irilen projelerin hedefleri, elde edilen sonu\u00e7lar\u0131 ve toplum yarar\u0131na sa\u011flanan katk\u0131lar\u0131 detayl\u0131 \u015fekilde Vali I\u015f\u0131n\u2019a arz etti<br \/>\n<br \/>Vali I\u015f\u0131n, \u00fcniversite-kamu i\u015f birli\u011finin K\u00fctahya\u2019n\u0131n sosyal kalk\u0131nmas\u0131na sundu\u011fu katk\u0131lardan duydu\u011fu memnuniyeti dile getirdi. Ger\u00e7ekle\u015ftirilen \u00e7al\u0131\u015fmalar\u0131n toplumun her kesimine dokunan \u00f6rnek uygulamalar oldu\u011funu ifade eden Vali I\u015f\u0131n, projelerde eme\u011fi ge\u00e7en akademisyenlere ve payda\u015f kurumlara te\u015fekk\u00fcr etti.<br \/><\/p>\n","protected":false},"excerpt":{"rendered":"<p>K\u00fctahya Valisi Musa I\u015f\u0131n, K\u00fctahya Sa\u011fl\u0131k Bilimleri \u00dcniversitesi (KSB\u00dc) Sa\u011fl\u0131k Bilimleri Fak\u00fcltesi Sosyal Hizmet B\u00f6l\u00fcm Ba\u015fkan\u0131 Prof. Dr. Sultan G\u00fc\u00e7l\u00fc\u2019y\u00fc kabul\u00fcnde, \u00fcniversite-kamu i\u015f birli\u011finin K\u00fctahya\u2019n\u0131n sosyal kalk\u0131nmas\u0131na sundu\u011fu katk\u0131lardan duydu\u011fu memnuniyeti dile getirdi. Ziyarette, K\u00fctahya Valili\u011fi\u2019nin destekleriyle y\u00fcr\u00fct\u00fclen projeler hakk\u0131nda bilgilendirmelerde bulunuldu. Prof. Dr. G\u00fc\u00e7l\u00fc, K\u00fctahya Valili\u011fi ile K\u00fctahya Sa\u011fl\u0131k Bilimleri \u00dcniversitesi i\u015f birli\u011fiyle ger\u00e7ekle\u015ftirilen&#8230;<\/p>\n","protected":false},"author":1,"featured_media":60522,"comment_status":"open","ping_status":"open","sticky":false,"template":"","format":"standard","meta":{"_crdt_document":"","footnotes":""},"categories":[123],"tags":[],"class_list":["post-60521","post","type-post","status-publish","format-standard","has-post-thumbnail","hentry","category-gundem"],"_links":{"self":[{"href":"https:\/\/www.egemtv.com\/index.php?rest_route=\/wp\/v2\/posts\/60521","targetHints":{"allow":["GET"]}}],"collection":[{"href":"https:\/\/www.egemtv.com\/index.php?rest_route=\/wp\/v2\/posts"}],"about":[{"href":"https:\/\/www.egemtv.com\/index.php?rest_route=\/wp\/v2\/types\/post"}],"author":[{"embeddable":true,"href":"https:\/\/www.egemtv.com\/index.php?rest_route=\/wp\/v2\/users\/1"}],"replies":[{"embeddable":true,"href":"https:\/\/www.egemtv.com\/index.php?rest_route=%2Fwp%2Fv2%2Fcomments&post=60521"}],"version-history":[{"count":1,"href":"https:\/\/www.egemtv.com\/index.php?rest_route=\/wp\/v2\/posts\/60521\/revisions"}],"predecessor-version":[{"id":60523,"href":"https:\/\/www.egemtv.com\/index.php?rest_route=\/wp\/v2\/posts\/60521\/revisions\/60523"}],"wp:featuredmedia":[{"embeddable":true,"href":"https:\/\/www.egemtv.com\/index.php?rest_route=\/wp\/v2\/media\/60522"}],"wp:attachment":[{"href":"https:\/\/www.egemtv.com\/index.php?rest_route=%2Fwp%2Fv2%2Fmedia&parent=60521"}],"wp:term":[{"taxonomy":"category","embeddable":true,"href":"https:\/\/www.egemtv.com\/index.php?rest_route=%2Fwp%2Fv2%2Fcategories&post=60521"},{"taxonomy":"post_tag","embeddable":true,"href":"https:\/\/www.egemtv.com\/index.php?rest_route=%2Fwp%2Fv2%2Ftags&post=60521"}],"curies":[{"name":"wp","href":"https:\/\/api.w.org\/{rel}","templated":true}]}}