{"id":60518,"date":"2025-10-10T12:15:16","date_gmt":"2025-10-10T09:15:16","guid":{"rendered":"https:\/\/www.egemtv.com\/?p=60518"},"modified":"2025-10-10T12:15:17","modified_gmt":"2025-10-10T09:15:17","slug":"yilmaz-ogrenciler-milli-ve-manevi-degerlerle-de-donatilmali","status":"publish","type":"post","link":"https:\/\/www.egemtv.com\/?p=60518","title":{"rendered":"Y\u0131lmaz: &#8220;\u00d6\u011frenciler milli ve manevi de\u011ferlerle de donat\u0131lmal\u0131&#8221;"},"content":{"rendered":"<p>K\u00fctahya \u0130l Milli E\u011fitim M\u00fcd\u00fcr\u00fc Mustafa Y\u0131lmaz, \u00c7avdarhisar il\u00e7esini ziyaretinde yapt\u0131\u011f\u0131 a\u00e7\u0131klamada, \u00f6\u011frencilerin sadece akademik ba\u015far\u0131lar\u0131yla de\u011fil, milli ve manevi de\u011ferlerle de donat\u0131lmas\u0131 gerekti\u011fini vurgulad\u0131.<br \/>\n<br \/>Y\u0131lmaz, \u00c7avdarhisar \u0130mam Hatip Ortaokulu ile \u00c7avdarhisar Ortaokulunu ziyaret etti. Ziyaret s\u0131ras\u0131nda s\u0131n\u0131flar\u0131 tek tek gezen Y\u0131lmaz, \u00f6\u011frencilerle sohbet etti. \u00d6zellikle 8.\u2019nci s\u0131n\u0131f \u00f6\u011frencileriyle s\u0131nav haz\u0131rl\u0131k s\u00fcre\u00e7leri hakk\u0131nda g\u00f6r\u00fc\u015fen M\u00fcd\u00fcr Mustafa Y\u0131lmaz, s\u0131nava nas\u0131l \u00e7al\u0131\u015ft\u0131klar\u0131n\u0131 sordu ve motivasyonlar\u0131n\u0131 art\u0131r\u0131c\u0131 tavsiyelerde bulundu. &#8220;Bir ad\u0131m \u00f6nde olmak, sizi hem ba\u015far\u0131ya ula\u015ft\u0131r\u0131r hem de psikolojik olarak daha g\u00fc\u00e7l\u00fc k\u0131lar&#8221; ifadeleriyle \u00f6\u011frencilere moral veren Y\u0131lmaz, \u00e7ok \u00e7al\u0131\u015fmalar\u0131n\u0131, kitap okumalar\u0131n\u0131 tavsiye etti, \u00e7al\u0131\u015fkan insan olman\u0131n yan\u0131nda iyi insan olman\u0131n \u00f6nemine vurgu yapt\u0131.<br \/>\n<br \/>\u00d6\u011fretmenler odas\u0131nda \u00f6\u011fretmenlerle bir araya gelen Y\u0131lmaz, okuldaki e\u011fitim, \u00f6\u011fretim faaliyetlerine dair bilgi ald\u0131.<br \/><\/p>\n","protected":false},"excerpt":{"rendered":"<p>K\u00fctahya \u0130l Milli E\u011fitim M\u00fcd\u00fcr\u00fc Mustafa Y\u0131lmaz, \u00c7avdarhisar il\u00e7esini ziyaretinde yapt\u0131\u011f\u0131 a\u00e7\u0131klamada, \u00f6\u011frencilerin sadece akademik ba\u015far\u0131lar\u0131yla de\u011fil, milli ve manevi de\u011ferlerle de donat\u0131lmas\u0131 gerekti\u011fini vurgulad\u0131. Y\u0131lmaz, \u00c7avdarhisar \u0130mam Hatip Ortaokulu ile \u00c7avdarhisar Ortaokulunu ziyaret etti. Ziyaret s\u0131ras\u0131nda s\u0131n\u0131flar\u0131 tek tek gezen Y\u0131lmaz, \u00f6\u011frencilerle sohbet etti. \u00d6zellikle 8.\u2019nci s\u0131n\u0131f \u00f6\u011frencileriyle s\u0131nav haz\u0131rl\u0131k s\u00fcre\u00e7leri hakk\u0131nda g\u00f6r\u00fc\u015fen M\u00fcd\u00fcr&#8230;<\/p>\n","protected":false},"author":1,"featured_media":60519,"comment_status":"open","ping_status":"open","sticky":false,"template":"","format":"standard","meta":{"_crdt_document":"","footnotes":""},"categories":[1],"tags":[],"class_list":["post-60518","post","type-post","status-publish","format-standard","has-post-thumbnail","hentry","category-guncel"],"_links":{"self":[{"href":"https:\/\/www.egemtv.com\/index.php?rest_route=\/wp\/v2\/posts\/60518","targetHints":{"allow":["GET"]}}],"collection":[{"href":"https:\/\/www.egemtv.com\/index.php?rest_route=\/wp\/v2\/posts"}],"about":[{"href":"https:\/\/www.egemtv.com\/index.php?rest_route=\/wp\/v2\/types\/post"}],"author":[{"embeddable":true,"href":"https:\/\/www.egemtv.com\/index.php?rest_route=\/wp\/v2\/users\/1"}],"replies":[{"embeddable":true,"href":"https:\/\/www.egemtv.com\/index.php?rest_route=%2Fwp%2Fv2%2Fcomments&post=60518"}],"version-history":[{"count":1,"href":"https:\/\/www.egemtv.com\/index.php?rest_route=\/wp\/v2\/posts\/60518\/revisions"}],"predecessor-version":[{"id":60520,"href":"https:\/\/www.egemtv.com\/index.php?rest_route=\/wp\/v2\/posts\/60518\/revisions\/60520"}],"wp:featuredmedia":[{"embeddable":true,"href":"https:\/\/www.egemtv.com\/index.php?rest_route=\/wp\/v2\/media\/60519"}],"wp:attachment":[{"href":"https:\/\/www.egemtv.com\/index.php?rest_route=%2Fwp%2Fv2%2Fmedia&parent=60518"}],"wp:term":[{"taxonomy":"category","embeddable":true,"href":"https:\/\/www.egemtv.com\/index.php?rest_route=%2Fwp%2Fv2%2Fcategories&post=60518"},{"taxonomy":"post_tag","embeddable":true,"href":"https:\/\/www.egemtv.com\/index.php?rest_route=%2Fwp%2Fv2%2Ftags&post=60518"}],"curies":[{"name":"wp","href":"https:\/\/api.w.org\/{rel}","templated":true}]}}