{"id":60515,"date":"2025-10-10T12:15:15","date_gmt":"2025-10-10T09:15:15","guid":{"rendered":"https:\/\/www.egemtv.com\/?p=60515"},"modified":"2025-10-10T12:15:16","modified_gmt":"2025-10-10T09:15:16","slug":"aslanapada-bitki-koruma-urunleri-denetimleri","status":"publish","type":"post","link":"https:\/\/www.egemtv.com\/?p=60515","title":{"rendered":"Aslanapa\u2019da bitki koruma \u00fcr\u00fcnleri denetimleri"},"content":{"rendered":"<p>Aslanapa \u0130l\u00e7e Tar\u0131m ve Orman M\u00fcd\u00fcrl\u00fc\u011f\u00fc teknik personeli taraf\u0131ndan il\u00e7e genelinde faaliyet g\u00f6steren bitki koruma \u00fcr\u00fcnleri bayilerinin denetimleri ger\u00e7ekle\u015ftirildi.<br \/>\n<br \/>Aslanapa \u0130l\u00e7e Tar\u0131m ve Orman M\u00fcd\u00fcrl\u00fc\u011f\u00fc yetkilileri, bitki koruma \u00fcr\u00fcnlerinin g\u00fcvenli ve mevzuata uygun \u015fekilde sat\u0131\u015fa sunulmas\u0131 i\u00e7in denetimlerin devam edece\u011fini belirttiler. A\u00e7\u0131klamada ayr\u0131ca denetimlerin s\u00fcrece\u011fi kaydedildi.<br \/><\/p>\n","protected":false},"excerpt":{"rendered":"<p>Aslanapa \u0130l\u00e7e Tar\u0131m ve Orman M\u00fcd\u00fcrl\u00fc\u011f\u00fc teknik personeli taraf\u0131ndan il\u00e7e genelinde faaliyet g\u00f6steren bitki koruma \u00fcr\u00fcnleri bayilerinin denetimleri ger\u00e7ekle\u015ftirildi. Aslanapa \u0130l\u00e7e Tar\u0131m ve Orman M\u00fcd\u00fcrl\u00fc\u011f\u00fc yetkilileri, bitki koruma \u00fcr\u00fcnlerinin g\u00fcvenli ve mevzuata uygun \u015fekilde sat\u0131\u015fa sunulmas\u0131 i\u00e7in denetimlerin devam edece\u011fini belirttiler. A\u00e7\u0131klamada ayr\u0131ca denetimlerin s\u00fcrece\u011fi kaydedildi.<\/p>\n","protected":false},"author":1,"featured_media":60516,"comment_status":"open","ping_status":"open","sticky":false,"template":"","format":"standard","meta":{"_crdt_document":"","footnotes":""},"categories":[125],"tags":[],"class_list":["post-60515","post","type-post","status-publish","format-standard","has-post-thumbnail","hentry","category-ekonomi"],"_links":{"self":[{"href":"https:\/\/www.egemtv.com\/index.php?rest_route=\/wp\/v2\/posts\/60515","targetHints":{"allow":["GET"]}}],"collection":[{"href":"https:\/\/www.egemtv.com\/index.php?rest_route=\/wp\/v2\/posts"}],"about":[{"href":"https:\/\/www.egemtv.com\/index.php?rest_route=\/wp\/v2\/types\/post"}],"author":[{"embeddable":true,"href":"https:\/\/www.egemtv.com\/index.php?rest_route=\/wp\/v2\/users\/1"}],"replies":[{"embeddable":true,"href":"https:\/\/www.egemtv.com\/index.php?rest_route=%2Fwp%2Fv2%2Fcomments&post=60515"}],"version-history":[{"count":1,"href":"https:\/\/www.egemtv.com\/index.php?rest_route=\/wp\/v2\/posts\/60515\/revisions"}],"predecessor-version":[{"id":60517,"href":"https:\/\/www.egemtv.com\/index.php?rest_route=\/wp\/v2\/posts\/60515\/revisions\/60517"}],"wp:featuredmedia":[{"embeddable":true,"href":"https:\/\/www.egemtv.com\/index.php?rest_route=\/wp\/v2\/media\/60516"}],"wp:attachment":[{"href":"https:\/\/www.egemtv.com\/index.php?rest_route=%2Fwp%2Fv2%2Fmedia&parent=60515"}],"wp:term":[{"taxonomy":"category","embeddable":true,"href":"https:\/\/www.egemtv.com\/index.php?rest_route=%2Fwp%2Fv2%2Fcategories&post=60515"},{"taxonomy":"post_tag","embeddable":true,"href":"https:\/\/www.egemtv.com\/index.php?rest_route=%2Fwp%2Fv2%2Ftags&post=60515"}],"curies":[{"name":"wp","href":"https:\/\/api.w.org\/{rel}","templated":true}]}}