{"id":60512,"date":"2025-10-10T12:15:14","date_gmt":"2025-10-10T09:15:14","guid":{"rendered":"https:\/\/www.egemtv.com\/?p=60512"},"modified":"2025-10-10T12:15:15","modified_gmt":"2025-10-10T09:15:15","slug":"dron-alaninda-kazakistanda-altin-madalya-kazandilar","status":"publish","type":"post","link":"https:\/\/www.egemtv.com\/?p=60512","title":{"rendered":"Dron alan\u0131nda Kazakistan\u2019da alt\u0131n madalya kazand\u0131lar"},"content":{"rendered":"<p>K\u00fctahya Nafi G\u00fcral Fen Lisesi \u00f6\u011frencisi Doruk Cengiz, dron alan\u0131ndaki \u00fcst\u00fcn ba\u015far\u0131lar\u0131yla Kazakistan\u2019\u0131n Aktau kentinde d\u00fczenlenen TurkicSkills2025-T\u00fcrk D\u00fcnyas\u0131 Ustal\u0131k Yar\u0131\u015fmalar\u0131nda T\u00fcrkiye\u2019yi temsil ederek alt\u0131n madalya kazand\u0131.<br \/>\n<br \/>Konuyla ilgili \u0130l Milli E\u011fitim M\u00fcd\u00fcrl\u00fc\u011f\u00fcnden yap\u0131lan a\u00e7\u0131klamada, &#8220;Bu y\u0131l ilk kez d\u00fczenlenen uluslararas\u0131 yar\u0131\u015fmada \u00fclkemizin bayra\u011f\u0131n\u0131 gururla dalgaland\u0131ran \u00f6\u011frencimizi y\u00fcrekten tebrik ediyor, ba\u015far\u0131s\u0131yla bizlere ya\u015fatt\u0131\u011f\u0131 b\u00fcy\u00fck gurur i\u00e7in te\u015fekk\u00fcr ediyoruz&#8221; ifadelerine yer verildi.<br \/><\/p>\n","protected":false},"excerpt":{"rendered":"<p>K\u00fctahya Nafi G\u00fcral Fen Lisesi \u00f6\u011frencisi Doruk Cengiz, dron alan\u0131ndaki \u00fcst\u00fcn ba\u015far\u0131lar\u0131yla Kazakistan\u2019\u0131n Aktau kentinde d\u00fczenlenen TurkicSkills2025-T\u00fcrk D\u00fcnyas\u0131 Ustal\u0131k Yar\u0131\u015fmalar\u0131nda T\u00fcrkiye\u2019yi temsil ederek alt\u0131n madalya kazand\u0131. Konuyla ilgili \u0130l Milli E\u011fitim M\u00fcd\u00fcrl\u00fc\u011f\u00fcnden yap\u0131lan a\u00e7\u0131klamada, &#8220;Bu y\u0131l ilk kez d\u00fczenlenen uluslararas\u0131 yar\u0131\u015fmada \u00fclkemizin bayra\u011f\u0131n\u0131 gururla dalgaland\u0131ran \u00f6\u011frencimizi y\u00fcrekten tebrik ediyor, ba\u015far\u0131s\u0131yla bizlere ya\u015fatt\u0131\u011f\u0131 b\u00fcy\u00fck gurur i\u00e7in&#8230;<\/p>\n","protected":false},"author":1,"featured_media":60513,"comment_status":"open","ping_status":"open","sticky":false,"template":"","format":"standard","meta":{"_crdt_document":"","footnotes":""},"categories":[124],"tags":[],"class_list":["post-60512","post","type-post","status-publish","format-standard","has-post-thumbnail","hentry","category-bilim"],"_links":{"self":[{"href":"https:\/\/www.egemtv.com\/index.php?rest_route=\/wp\/v2\/posts\/60512","targetHints":{"allow":["GET"]}}],"collection":[{"href":"https:\/\/www.egemtv.com\/index.php?rest_route=\/wp\/v2\/posts"}],"about":[{"href":"https:\/\/www.egemtv.com\/index.php?rest_route=\/wp\/v2\/types\/post"}],"author":[{"embeddable":true,"href":"https:\/\/www.egemtv.com\/index.php?rest_route=\/wp\/v2\/users\/1"}],"replies":[{"embeddable":true,"href":"https:\/\/www.egemtv.com\/index.php?rest_route=%2Fwp%2Fv2%2Fcomments&post=60512"}],"version-history":[{"count":1,"href":"https:\/\/www.egemtv.com\/index.php?rest_route=\/wp\/v2\/posts\/60512\/revisions"}],"predecessor-version":[{"id":60514,"href":"https:\/\/www.egemtv.com\/index.php?rest_route=\/wp\/v2\/posts\/60512\/revisions\/60514"}],"wp:featuredmedia":[{"embeddable":true,"href":"https:\/\/www.egemtv.com\/index.php?rest_route=\/wp\/v2\/media\/60513"}],"wp:attachment":[{"href":"https:\/\/www.egemtv.com\/index.php?rest_route=%2Fwp%2Fv2%2Fmedia&parent=60512"}],"wp:term":[{"taxonomy":"category","embeddable":true,"href":"https:\/\/www.egemtv.com\/index.php?rest_route=%2Fwp%2Fv2%2Fcategories&post=60512"},{"taxonomy":"post_tag","embeddable":true,"href":"https:\/\/www.egemtv.com\/index.php?rest_route=%2Fwp%2Fv2%2Ftags&post=60512"}],"curies":[{"name":"wp","href":"https:\/\/api.w.org\/{rel}","templated":true}]}}