{"id":60407,"date":"2025-10-09T16:35:03","date_gmt":"2025-10-09T13:35:03","guid":{"rendered":"https:\/\/www.egemtv.com\/?p=60407"},"modified":"2025-10-09T16:35:03","modified_gmt":"2025-10-09T13:35:03","slug":"anne-ve-kizi-sobadan-sizan-gazdan-zehirlenerek-oldu","status":"publish","type":"post","link":"https:\/\/www.egemtv.com\/?p=60407","title":{"rendered":"Anne ve k\u0131z\u0131 sobadan s\u0131zan gazdan zehirlenerek \u00f6ld\u00fc"},"content":{"rendered":"<p>Denizli\u2019nin Ac\u0131payam il\u00e7esinde ayn\u0131 evde ya\u015fayan anne ve k\u0131z, sobadan s\u0131zan karbonmonoksit gaz\u0131ndan zehirlenerek olay yerinde hayat\u0131n\u0131 kaybetti.<\/p>\n<p>Olay, Ac\u0131payam il\u00e7esi Akalan Mahallesi\u2019nde meydana geldi. Edinilen bilgilere g\u00f6re, ayn\u0131 evde ya\u015fayan Durkad\u0131n Kandemir ile k\u0131z\u0131 Bahar Kandemir, \u00f6\u011fle saatlerinde sobadan s\u0131zan karbonmonoksit gaz\u0131ndan zehirlendi. Anne ve k\u0131zdan haber alamayan kom\u015fular\u0131 eve gittiklerinde her ikisini de yerde hareketsiz halde yatt\u0131klar\u0131 g\u00f6rd\u00fckten sonra durumu 112 Acil \u00c7a\u011fr\u0131 Merkezine bildirdi. \u0130hbar \u00fczerine b\u00f6lgeye sa\u011fl\u0131k ve jandarma ekipleri sevk edildi.<\/p>\n<p>B\u00f6lgeye gelen sa\u011fl\u0131k ekiplerinin kontrollerinin ard\u0131ndan Durkad\u0131n Kandemir ile k\u0131z\u0131 Bahar Kandemir\u2019in olay yerinde hayat\u0131n\u0131 kaybetti\u011fi belirlendi. Evde g\u00fcvenlik \u00f6nlemleri al\u0131n\u0131rken cenazeler otopsi i\u00e7in adli t\u0131p morguna kald\u0131r\u0131ld\u0131. Olay ile ilgili soru\u015fturma ba\u015flat\u0131ld\u0131.<br \/><\/p>\n","protected":false},"excerpt":{"rendered":"<p>Denizli\u2019nin Ac\u0131payam il\u00e7esinde ayn\u0131 evde ya\u015fayan anne ve k\u0131z, sobadan s\u0131zan karbonmonoksit gaz\u0131ndan zehirlenerek olay yerinde hayat\u0131n\u0131 kaybetti. Olay, Ac\u0131payam il\u00e7esi Akalan Mahallesi\u2019nde meydana geldi. Edinilen bilgilere g\u00f6re, ayn\u0131 evde ya\u015fayan Durkad\u0131n Kandemir ile k\u0131z\u0131 Bahar Kandemir, \u00f6\u011fle saatlerinde sobadan s\u0131zan karbonmonoksit gaz\u0131ndan zehirlendi. Anne ve k\u0131zdan haber alamayan kom\u015fular\u0131 eve gittiklerinde her ikisini de&#8230;<\/p>\n","protected":false},"author":1,"featured_media":60408,"comment_status":"open","ping_status":"open","sticky":false,"template":"","format":"standard","meta":{"_crdt_document":"","footnotes":""},"categories":[5],"tags":[],"class_list":["post-60407","post","type-post","status-publish","format-standard","has-post-thumbnail","hentry","category-asayis"],"_links":{"self":[{"href":"https:\/\/www.egemtv.com\/index.php?rest_route=\/wp\/v2\/posts\/60407","targetHints":{"allow":["GET"]}}],"collection":[{"href":"https:\/\/www.egemtv.com\/index.php?rest_route=\/wp\/v2\/posts"}],"about":[{"href":"https:\/\/www.egemtv.com\/index.php?rest_route=\/wp\/v2\/types\/post"}],"author":[{"embeddable":true,"href":"https:\/\/www.egemtv.com\/index.php?rest_route=\/wp\/v2\/users\/1"}],"replies":[{"embeddable":true,"href":"https:\/\/www.egemtv.com\/index.php?rest_route=%2Fwp%2Fv2%2Fcomments&post=60407"}],"version-history":[{"count":1,"href":"https:\/\/www.egemtv.com\/index.php?rest_route=\/wp\/v2\/posts\/60407\/revisions"}],"predecessor-version":[{"id":60409,"href":"https:\/\/www.egemtv.com\/index.php?rest_route=\/wp\/v2\/posts\/60407\/revisions\/60409"}],"wp:featuredmedia":[{"embeddable":true,"href":"https:\/\/www.egemtv.com\/index.php?rest_route=\/wp\/v2\/media\/60408"}],"wp:attachment":[{"href":"https:\/\/www.egemtv.com\/index.php?rest_route=%2Fwp%2Fv2%2Fmedia&parent=60407"}],"wp:term":[{"taxonomy":"category","embeddable":true,"href":"https:\/\/www.egemtv.com\/index.php?rest_route=%2Fwp%2Fv2%2Fcategories&post=60407"},{"taxonomy":"post_tag","embeddable":true,"href":"https:\/\/www.egemtv.com\/index.php?rest_route=%2Fwp%2Fv2%2Ftags&post=60407"}],"curies":[{"name":"wp","href":"https:\/\/api.w.org\/{rel}","templated":true}]}}