{"id":60404,"date":"2025-10-09T16:35:01","date_gmt":"2025-10-09T13:35:01","guid":{"rendered":"https:\/\/www.egemtv.com\/?p=60404"},"modified":"2025-10-09T16:35:02","modified_gmt":"2025-10-09T13:35:02","slug":"denizlili-dagcilar-kaldi-ve-sulagankaya-zirvelerine-tirmandi","status":"publish","type":"post","link":"https:\/\/www.egemtv.com\/?p=60404","title":{"rendered":"Denizlili da\u011fc\u0131lar Kald\u0131 ve Sula\u011fankaya zirvelerine t\u0131rmand\u0131"},"content":{"rendered":"<p>Denizli\u2019de da\u011fc\u0131l\u0131k sporcular\u0131 G\u00fclcan \u00c7e\u015fmeli ve \u00d6zg\u00fcr Eren, Ni\u011fde Alada\u011flar\u2019da teknik t\u0131rman\u0131\u015f gerektiren 3734 metrelik Kald\u0131 zirvesi ile 3580 metrelik Sula\u011fankaya zirvesine ula\u015farak b\u00fcy\u00fck bir ba\u015far\u0131ya imza att\u0131.<\/p>\n<p>Da\u011fc\u0131l\u0131k sporcular\u0131 G\u00fclcan \u00c7e\u015fmeli ve \u00d6zg\u00fcr Eren, Ni\u011fde Alada\u011flar\u2019da zorlu bir t\u0131rman\u0131\u015f ger\u00e7ekle\u015ftirerek 3.734 metre y\u00fcksekli\u011findeki Kald\u0131 zirvesi ve 3.580 metre rak\u0131ml\u0131 Sula\u011fankaya zirvesine ula\u015ft\u0131. Teknik t\u0131rman\u0131\u015f gerektiren parkurda iki sporcu, de\u011fi\u015fken hava \u015fartlar\u0131 ve sarp kayal\u0131k etaplara ra\u011fmen t\u0131rman\u0131\u015f\u0131 ba\u015far\u0131yla tamamlad\u0131. Zirveye ula\u015fan sporcular, gurur dolu anlar ya\u015fad\u0131.<br \/><\/p>\n","protected":false},"excerpt":{"rendered":"<p>Denizli\u2019de da\u011fc\u0131l\u0131k sporcular\u0131 G\u00fclcan \u00c7e\u015fmeli ve \u00d6zg\u00fcr Eren, Ni\u011fde Alada\u011flar\u2019da teknik t\u0131rman\u0131\u015f gerektiren 3734 metrelik Kald\u0131 zirvesi ile 3580 metrelik Sula\u011fankaya zirvesine ula\u015farak b\u00fcy\u00fck bir ba\u015far\u0131ya imza att\u0131. Da\u011fc\u0131l\u0131k sporcular\u0131 G\u00fclcan \u00c7e\u015fmeli ve \u00d6zg\u00fcr Eren, Ni\u011fde Alada\u011flar\u2019da zorlu bir t\u0131rman\u0131\u015f ger\u00e7ekle\u015ftirerek 3.734 metre y\u00fcksekli\u011findeki Kald\u0131 zirvesi ve 3.580 metre rak\u0131ml\u0131 Sula\u011fankaya zirvesine ula\u015ft\u0131. Teknik t\u0131rman\u0131\u015f&#8230;<\/p>\n","protected":false},"author":1,"featured_media":60405,"comment_status":"open","ping_status":"open","sticky":false,"template":"","format":"standard","meta":{"_crdt_document":"","footnotes":""},"categories":[4],"tags":[],"class_list":["post-60404","post","type-post","status-publish","format-standard","has-post-thumbnail","hentry","category-spor"],"_links":{"self":[{"href":"https:\/\/www.egemtv.com\/index.php?rest_route=\/wp\/v2\/posts\/60404","targetHints":{"allow":["GET"]}}],"collection":[{"href":"https:\/\/www.egemtv.com\/index.php?rest_route=\/wp\/v2\/posts"}],"about":[{"href":"https:\/\/www.egemtv.com\/index.php?rest_route=\/wp\/v2\/types\/post"}],"author":[{"embeddable":true,"href":"https:\/\/www.egemtv.com\/index.php?rest_route=\/wp\/v2\/users\/1"}],"replies":[{"embeddable":true,"href":"https:\/\/www.egemtv.com\/index.php?rest_route=%2Fwp%2Fv2%2Fcomments&post=60404"}],"version-history":[{"count":1,"href":"https:\/\/www.egemtv.com\/index.php?rest_route=\/wp\/v2\/posts\/60404\/revisions"}],"predecessor-version":[{"id":60406,"href":"https:\/\/www.egemtv.com\/index.php?rest_route=\/wp\/v2\/posts\/60404\/revisions\/60406"}],"wp:featuredmedia":[{"embeddable":true,"href":"https:\/\/www.egemtv.com\/index.php?rest_route=\/wp\/v2\/media\/60405"}],"wp:attachment":[{"href":"https:\/\/www.egemtv.com\/index.php?rest_route=%2Fwp%2Fv2%2Fmedia&parent=60404"}],"wp:term":[{"taxonomy":"category","embeddable":true,"href":"https:\/\/www.egemtv.com\/index.php?rest_route=%2Fwp%2Fv2%2Fcategories&post=60404"},{"taxonomy":"post_tag","embeddable":true,"href":"https:\/\/www.egemtv.com\/index.php?rest_route=%2Fwp%2Fv2%2Ftags&post=60404"}],"curies":[{"name":"wp","href":"https:\/\/api.w.org\/{rel}","templated":true}]}}