{"id":60401,"date":"2025-10-09T16:34:59","date_gmt":"2025-10-09T13:34:59","guid":{"rendered":"https:\/\/www.egemtv.com\/?p=60401"},"modified":"2025-10-09T16:35:00","modified_gmt":"2025-10-09T13:35:00","slug":"baskan-cercioglu-efelerli-muhtarlar-ile-bir-araya-geldi","status":"publish","type":"post","link":"https:\/\/www.egemtv.com\/?p=60401","title":{"rendered":"Ba\u015fkan \u00c7er\u00e7io\u011flu Efelerli muhtarlar ile bir araya geldi"},"content":{"rendered":"<p>Ayd\u0131n B\u00fcy\u00fck\u015fehir Belediye Ba\u015fkan\u0131 \u00d6zlem \u00c7er\u00e7io\u011flu, Efeler il\u00e7esinde g\u00f6revlerini s\u00fcrd\u00fcren muhtarlar ile bir araya geldi.<\/p>\n<p>Toplant\u0131da Efeler il\u00e7esinde ger\u00e7ekle\u015ftirilen yat\u0131r\u0131mlar ile hayata ge\u00e7irilmesi planlanan proje, \u00e7al\u0131\u015fma ve hizmetler de\u011ferlendirildi. Mahalle muhtarlar\u0131n\u0131n taleplerini ve g\u00f6r\u00fc\u015flerini dinleyen Ba\u015fkan \u00c7er\u00e7io\u011flu, Efeler\u2019de oldu\u011fu gibi Ayd\u0131n\u2019\u0131n t\u00fcm il\u00e7elerinde yat\u0131r\u0131mlar\u0131n, \u00e7al\u0131\u015fmalar\u0131n, projelerin ve hizmetlerin devam edece\u011fini belirtti. Toplant\u0131dan memnuniyet duyduklar\u0131n\u0131 belirten muhtarlar, Ba\u015fkan \u00c7er\u00e7io\u011flu\u2019na te\u015fekk\u00fcr etti.<\/p>\n<p>Toplant\u0131ya AK Parti Ayd\u0131n \u0130l Ba\u015fkan\u0131 Mehmet Erdem, B\u00fcy\u00fck\u015fehir Belediyesi ve ASK\u0130 b\u00fcrokratlar\u0131 ile Devlet Su \u0130\u015fleri, Karayollar\u0131 Genel M\u00fcd\u00fcrl\u00fc\u011f\u00fc, AYDEM, Tar\u0131m ve Orman M\u00fcd\u00fcrl\u00fc\u011f\u00fc, Milli E\u011fitim M\u00fcd\u00fcrl\u00fc\u011f\u00fc ve Orman \u0130\u015fletme M\u00fcd\u00fcrl\u00fc\u011f\u00fc\u2019nden il temsilcileri de kat\u0131ld\u0131.<br \/><\/p>\n","protected":false},"excerpt":{"rendered":"<p>Ayd\u0131n B\u00fcy\u00fck\u015fehir Belediye Ba\u015fkan\u0131 \u00d6zlem \u00c7er\u00e7io\u011flu, Efeler il\u00e7esinde g\u00f6revlerini s\u00fcrd\u00fcren muhtarlar ile bir araya geldi. Toplant\u0131da Efeler il\u00e7esinde ger\u00e7ekle\u015ftirilen yat\u0131r\u0131mlar ile hayata ge\u00e7irilmesi planlanan proje, \u00e7al\u0131\u015fma ve hizmetler de\u011ferlendirildi. Mahalle muhtarlar\u0131n\u0131n taleplerini ve g\u00f6r\u00fc\u015flerini dinleyen Ba\u015fkan \u00c7er\u00e7io\u011flu, Efeler\u2019de oldu\u011fu gibi Ayd\u0131n\u2019\u0131n t\u00fcm il\u00e7elerinde yat\u0131r\u0131mlar\u0131n, \u00e7al\u0131\u015fmalar\u0131n, projelerin ve hizmetlerin devam edece\u011fini belirtti. Toplant\u0131dan memnuniyet duyduklar\u0131n\u0131 belirten&#8230;<\/p>\n","protected":false},"author":1,"featured_media":60402,"comment_status":"open","ping_status":"open","sticky":false,"template":"","format":"standard","meta":{"_crdt_document":"","footnotes":""},"categories":[1],"tags":[],"class_list":["post-60401","post","type-post","status-publish","format-standard","has-post-thumbnail","hentry","category-guncel"],"_links":{"self":[{"href":"https:\/\/www.egemtv.com\/index.php?rest_route=\/wp\/v2\/posts\/60401","targetHints":{"allow":["GET"]}}],"collection":[{"href":"https:\/\/www.egemtv.com\/index.php?rest_route=\/wp\/v2\/posts"}],"about":[{"href":"https:\/\/www.egemtv.com\/index.php?rest_route=\/wp\/v2\/types\/post"}],"author":[{"embeddable":true,"href":"https:\/\/www.egemtv.com\/index.php?rest_route=\/wp\/v2\/users\/1"}],"replies":[{"embeddable":true,"href":"https:\/\/www.egemtv.com\/index.php?rest_route=%2Fwp%2Fv2%2Fcomments&post=60401"}],"version-history":[{"count":1,"href":"https:\/\/www.egemtv.com\/index.php?rest_route=\/wp\/v2\/posts\/60401\/revisions"}],"predecessor-version":[{"id":60403,"href":"https:\/\/www.egemtv.com\/index.php?rest_route=\/wp\/v2\/posts\/60401\/revisions\/60403"}],"wp:featuredmedia":[{"embeddable":true,"href":"https:\/\/www.egemtv.com\/index.php?rest_route=\/wp\/v2\/media\/60402"}],"wp:attachment":[{"href":"https:\/\/www.egemtv.com\/index.php?rest_route=%2Fwp%2Fv2%2Fmedia&parent=60401"}],"wp:term":[{"taxonomy":"category","embeddable":true,"href":"https:\/\/www.egemtv.com\/index.php?rest_route=%2Fwp%2Fv2%2Fcategories&post=60401"},{"taxonomy":"post_tag","embeddable":true,"href":"https:\/\/www.egemtv.com\/index.php?rest_route=%2Fwp%2Fv2%2Ftags&post=60401"}],"curies":[{"name":"wp","href":"https:\/\/api.w.org\/{rel}","templated":true}]}}