{"id":60398,"date":"2025-10-09T16:14:53","date_gmt":"2025-10-09T13:14:53","guid":{"rendered":"https:\/\/www.egemtv.com\/?p=60398"},"modified":"2025-10-09T16:14:55","modified_gmt":"2025-10-09T13:14:55","slug":"istiklal-caddesinde-yine-otobus-kazasi","status":"publish","type":"post","link":"https:\/\/www.egemtv.com\/?p=60398","title":{"rendered":"\u0130stiklal Caddesi\u2019nde yine otob\u00fcs kazas\u0131"},"content":{"rendered":"<p>Denizli\u2019nin Pamukkale il\u00e7esinde yo\u011fun trafikte tali yola girmek isteyen otomobil, belediye otob\u00fcs\u00fc ile \u00e7arp\u0131\u015ft\u0131. Son zamanlarda \u0130stiklal Caddesinde belediye otob\u00fcs\u00fc kazalar\u0131 artarken, vatanda\u015flar kazalara hayata ge\u00e7irilen \u2018Otob\u00fcs Yolu\u2019 projesinin neden oldu\u011funu iddia etti.<\/p>\n<p>Kaza, Pamukkale il\u00e7esi Pelitliba\u011f Mahallesi \u0130stiklal Caddesi\u2019nde meydana geldi. Edinilen bilgilere g\u00f6re, \u0130stiklal Caddesindeki otob\u00fcs dura\u011f\u0131ndan yolcu alan Denizli B\u00fcy\u00fck\u015fehir Belediyesi Ula\u015f\u0131m A.\u015e.\u2019ye ait halk otob\u00fcs\u00fc, yoluna devam etmek isterken, caddeden tali yola d\u00f6n\u00fc\u015f yapmak isteyen 20 YE 232 plakal\u0131 otomobile \u00e7arpt\u0131.<br \/>\n<br \/>Kazay\u0131 g\u00f6ren \u00e7evredeki vatanda\u015flar durumu 112 Acil \u00c7a\u011fr\u0131 Merkezine bildirdi. \u0130hbar \u00fczerine b\u00f6lgeye sa\u011fl\u0131k ve polis ekipleri sevk edildi. \u00c7arpman\u0131n etkisiyle her iki ara\u00e7ta da maddi hasar meydana geldi. Kaza sonucu belediye otob\u00fcs\u00fcnde bulunan yolcu vatanda\u015flar tedbir ama\u00e7l\u0131 otob\u00fcsten indirildi. Kaza ile ilgili soru\u015fturma ba\u015flat\u0131ld\u0131.<br \/><\/p>\n","protected":false},"excerpt":{"rendered":"<p>Denizli\u2019nin Pamukkale il\u00e7esinde yo\u011fun trafikte tali yola girmek isteyen otomobil, belediye otob\u00fcs\u00fc ile \u00e7arp\u0131\u015ft\u0131. Son zamanlarda \u0130stiklal Caddesinde belediye otob\u00fcs\u00fc kazalar\u0131 artarken, vatanda\u015flar kazalara hayata ge\u00e7irilen \u2018Otob\u00fcs Yolu\u2019 projesinin neden oldu\u011funu iddia etti. Kaza, Pamukkale il\u00e7esi Pelitliba\u011f Mahallesi \u0130stiklal Caddesi\u2019nde meydana geldi. Edinilen bilgilere g\u00f6re, \u0130stiklal Caddesindeki otob\u00fcs dura\u011f\u0131ndan yolcu alan Denizli B\u00fcy\u00fck\u015fehir Belediyesi Ula\u015f\u0131m&#8230;<\/p>\n","protected":false},"author":1,"featured_media":60399,"comment_status":"open","ping_status":"open","sticky":false,"template":"","format":"standard","meta":{"_crdt_document":"","footnotes":""},"categories":[5],"tags":[],"class_list":["post-60398","post","type-post","status-publish","format-standard","has-post-thumbnail","hentry","category-asayis"],"_links":{"self":[{"href":"https:\/\/www.egemtv.com\/index.php?rest_route=\/wp\/v2\/posts\/60398","targetHints":{"allow":["GET"]}}],"collection":[{"href":"https:\/\/www.egemtv.com\/index.php?rest_route=\/wp\/v2\/posts"}],"about":[{"href":"https:\/\/www.egemtv.com\/index.php?rest_route=\/wp\/v2\/types\/post"}],"author":[{"embeddable":true,"href":"https:\/\/www.egemtv.com\/index.php?rest_route=\/wp\/v2\/users\/1"}],"replies":[{"embeddable":true,"href":"https:\/\/www.egemtv.com\/index.php?rest_route=%2Fwp%2Fv2%2Fcomments&post=60398"}],"version-history":[{"count":1,"href":"https:\/\/www.egemtv.com\/index.php?rest_route=\/wp\/v2\/posts\/60398\/revisions"}],"predecessor-version":[{"id":60400,"href":"https:\/\/www.egemtv.com\/index.php?rest_route=\/wp\/v2\/posts\/60398\/revisions\/60400"}],"wp:featuredmedia":[{"embeddable":true,"href":"https:\/\/www.egemtv.com\/index.php?rest_route=\/wp\/v2\/media\/60399"}],"wp:attachment":[{"href":"https:\/\/www.egemtv.com\/index.php?rest_route=%2Fwp%2Fv2%2Fmedia&parent=60398"}],"wp:term":[{"taxonomy":"category","embeddable":true,"href":"https:\/\/www.egemtv.com\/index.php?rest_route=%2Fwp%2Fv2%2Fcategories&post=60398"},{"taxonomy":"post_tag","embeddable":true,"href":"https:\/\/www.egemtv.com\/index.php?rest_route=%2Fwp%2Fv2%2Ftags&post=60398"}],"curies":[{"name":"wp","href":"https:\/\/api.w.org\/{rel}","templated":true}]}}