{"id":60395,"date":"2025-10-09T15:55:03","date_gmt":"2025-10-09T12:55:03","guid":{"rendered":"https:\/\/www.egemtv.com\/?p=60395"},"modified":"2025-10-09T15:55:04","modified_gmt":"2025-10-09T12:55:04","slug":"afyonkarahisarda-bin-100-dugunde-havaya-ates-acan-75-kisi-hakkinda-islem-yapildi","status":"publish","type":"post","link":"https:\/\/www.egemtv.com\/?p=60395","title":{"rendered":"Afyonkarahisar\u2019da bin 100 d\u00fc\u011f\u00fcnde havaya ate\u015f a\u00e7an 75 ki\u015fi hakk\u0131nda i\u015flem yap\u0131ld\u0131"},"content":{"rendered":"<p>Afyonkarahisar Valisi Do\u00e7. Dr. K\u00fcbra G\u00fcran Yi\u011fitba\u015f\u0131, 2025 y\u0131l\u0131 i\u00e7erisinde bin 100 d\u00fc\u011f\u00fcn ve asker u\u011furlama gibi e\u011flenceler yap\u0131ld\u0131\u011f\u0131n\u0131, bu e\u011flencelerde havaya ate\u015f a\u00e7an 75 ki\u015finin g\u00f6zalt\u0131na al\u0131narak \u015fah\u0131slara yakla\u015f\u0131k 350 bin TL para cezas\u0131 kesildi\u011fini belirtti.<br \/>\n<br \/>Vali Yi\u011fitba\u015f\u0131, eyl\u00fcl ay\u0131 ile ilgili asayi\u015f bilgilendirme toplant\u0131s\u0131 ger\u00e7ekle\u015ftirdi. Toplant\u0131da konu\u015fan ve polis ile jandarman\u0131n ger\u00e7ekle\u015ftirdi\u011fi operasyonlara deginen Vali Yi\u011fitba\u015f\u0131, &#8220;Eyl\u00fcl ay\u0131 i\u00e7erisinde ilk ve orta \u00f6\u011fretim s\u00fcrecindeki \u00f6\u011frencilerin uyu\u015fturucu ve zararl\u0131 maddelerden uzak durmalar\u0131 i\u00e7in gerekli bilgilendirmeler ve denetimler yap\u0131lmaktad\u0131r.<br \/>\n<br \/>D\u00fc\u011f\u00fcn ve eglencelerde havaya ate\u015f a\u00e7anlara ilgili \u0131srarl\u0131 1100 e\u011flence ve d\u00fc\u011f\u00fcnde havaya ate\u015f a\u00e7an 75 ki\u015fi g\u00f6zalt\u0131na al\u0131nm\u0131\u015f, 55 silaha da el konuldu ve yakla\u015f\u0131k 350 bin TL para cezas\u0131 kesildi. Denetimlerle in\u015fallah olumsuz geleneklerden kurtulaca\u011f\u0131z.<br \/>\n<br \/>5 Eyl\u00fcl ile 8 Ekim aras\u0131nda yap\u0131lan denetimlerde \u00e7e\u015fitli su\u00e7lardan aranan bine yak\u0131n ki\u015fi polis ve jandarma taraf\u0131ndan yakaland\u0131.<br \/>\n<br \/>Ayn\u0131 tarihler aras\u0131nda yap\u0131lan denetim ve operasyonlarda asayi\u015f olaylar\u0131n\u0131n y\u00fczde 97\u2019si ayd\u0131nlat\u0131ld\u0131. Ge\u00e7en y\u0131l\u0131n ayn\u0131 d\u00f6nemine g\u00f6re su\u00e7larda azalma var. Kad\u0131na \u015fiddet ve kad\u0131n\u0131n korunmas\u0131yla ilgili 768 koruma karar\u0131 verilmi\u015ftir.<br \/>\n<br \/>Ter\u00f6r su\u00e7lar\u0131ndan belirtilen tarihlerde FET\u00d6\u2019den hapis cezas\u0131yla aranan 4 ki\u015fi, PKK ter\u00f6r \u00f6rg\u00fct\u00fcne \u00fcye olmak su\u00e7lamas\u0131yla 1, DEA\u015e ter\u00f6r \u00f6rg\u00fct\u00fcne \u00fcye olma su\u00e7undan 2 ki\u015fi hakk\u0131nda i\u015flem yap\u0131ld\u0131&#8221;dedi.<br \/><\/p>\n","protected":false},"excerpt":{"rendered":"<p>Afyonkarahisar Valisi Do\u00e7. Dr. K\u00fcbra G\u00fcran Yi\u011fitba\u015f\u0131, 2025 y\u0131l\u0131 i\u00e7erisinde bin 100 d\u00fc\u011f\u00fcn ve asker u\u011furlama gibi e\u011flenceler yap\u0131ld\u0131\u011f\u0131n\u0131, bu e\u011flencelerde havaya ate\u015f a\u00e7an 75 ki\u015finin g\u00f6zalt\u0131na al\u0131narak \u015fah\u0131slara yakla\u015f\u0131k 350 bin TL para cezas\u0131 kesildi\u011fini belirtti. Vali Yi\u011fitba\u015f\u0131, eyl\u00fcl ay\u0131 ile ilgili asayi\u015f bilgilendirme toplant\u0131s\u0131 ger\u00e7ekle\u015ftirdi. Toplant\u0131da konu\u015fan ve polis ile jandarman\u0131n ger\u00e7ekle\u015ftirdi\u011fi operasyonlara&#8230;<\/p>\n","protected":false},"author":1,"featured_media":60396,"comment_status":"open","ping_status":"open","sticky":false,"template":"","format":"standard","meta":{"_crdt_document":"","footnotes":""},"categories":[5],"tags":[],"class_list":["post-60395","post","type-post","status-publish","format-standard","has-post-thumbnail","hentry","category-asayis"],"_links":{"self":[{"href":"https:\/\/www.egemtv.com\/index.php?rest_route=\/wp\/v2\/posts\/60395","targetHints":{"allow":["GET"]}}],"collection":[{"href":"https:\/\/www.egemtv.com\/index.php?rest_route=\/wp\/v2\/posts"}],"about":[{"href":"https:\/\/www.egemtv.com\/index.php?rest_route=\/wp\/v2\/types\/post"}],"author":[{"embeddable":true,"href":"https:\/\/www.egemtv.com\/index.php?rest_route=\/wp\/v2\/users\/1"}],"replies":[{"embeddable":true,"href":"https:\/\/www.egemtv.com\/index.php?rest_route=%2Fwp%2Fv2%2Fcomments&post=60395"}],"version-history":[{"count":1,"href":"https:\/\/www.egemtv.com\/index.php?rest_route=\/wp\/v2\/posts\/60395\/revisions"}],"predecessor-version":[{"id":60397,"href":"https:\/\/www.egemtv.com\/index.php?rest_route=\/wp\/v2\/posts\/60395\/revisions\/60397"}],"wp:featuredmedia":[{"embeddable":true,"href":"https:\/\/www.egemtv.com\/index.php?rest_route=\/wp\/v2\/media\/60396"}],"wp:attachment":[{"href":"https:\/\/www.egemtv.com\/index.php?rest_route=%2Fwp%2Fv2%2Fmedia&parent=60395"}],"wp:term":[{"taxonomy":"category","embeddable":true,"href":"https:\/\/www.egemtv.com\/index.php?rest_route=%2Fwp%2Fv2%2Fcategories&post=60395"},{"taxonomy":"post_tag","embeddable":true,"href":"https:\/\/www.egemtv.com\/index.php?rest_route=%2Fwp%2Fv2%2Ftags&post=60395"}],"curies":[{"name":"wp","href":"https:\/\/api.w.org\/{rel}","templated":true}]}}