{"id":60392,"date":"2025-10-09T15:55:02","date_gmt":"2025-10-09T12:55:02","guid":{"rendered":"https:\/\/www.egemtv.com\/?p=60392"},"modified":"2025-10-09T15:55:03","modified_gmt":"2025-10-09T12:55:03","slug":"izmir-coruhlu-fkda-levent-eris-sesleri","status":"publish","type":"post","link":"https:\/\/www.egemtv.com\/?p=60392","title":{"rendered":"\u0130zmir \u00c7oruhlu FK\u2019da Levent Eri\u015f sesleri"},"content":{"rendered":"<p>\u0130zmir \u00c7oruhlu FK, Engin Dursun ile yollar\u0131n\u0131 ay\u0131rd\u0131ktan sonra tak\u0131m\u0131 ge\u00e7ti\u011fimiz sezon da \u00e7al\u0131\u015ft\u0131ran Levent Eri\u015f\u2019e emanet etmeye haz\u0131rlan\u0131yor.<br \/>\n<br \/>TFF 3. Lig 4. Grup ekiplerinden \u0130zmir \u00c7oruhlu FK\u2019da hareketli g\u00fcnler ya\u015fanmaya devam ediyor. Pazar g\u00fcn\u00fc Atat\u00fcrk Stad\u0131\u2019nda Kar\u015f\u0131yaka\u2019y\u0131 konuk etmeye haz\u0131rlanan turuncu-siyahl\u0131lar, ge\u00e7ti\u011fimiz g\u00fcnlerde Engin Dursun ile yollar\u0131n\u0131 ay\u0131rd\u0131ktan sonra teknik adam aray\u0131\u015f\u0131na ge\u00e7ti. \u0130zmir temsilcisi, tak\u0131m\u0131 ge\u00e7ti\u011fimiz sezon da \u00e7al\u0131\u015ft\u0131ran deneyimli teknik adam Levent Eri\u015f ile yeniden anla\u015fma a\u015famas\u0131na geldi. Taraflar aras\u0131ndaki detaylar\u0131n giderilmesi durumunda bu birlikteli\u011fin resmiye kavu\u015fmas\u0131 bekleniyor.<br \/>\n<br \/>Levent Eri\u015f, ge\u00e7en sezon \u0130zmir \u00c7oruhlu FK\u2019n\u0131n ba\u015f\u0131nda 22 ma\u00e7a \u00e7\u0131kt\u0131. Tecr\u00fcbeli \u00e7al\u0131\u015ft\u0131r\u0131c\u0131, bu s\u00fcre\u00e7te 5 galibiyet, 5 beraberlik ve 12 ma\u011flubiyete imza att\u0131.<br \/>\n<br \/>63 ya\u015f\u0131ndaki deneyimli teknik direkt\u00f6r, daha \u00f6nce \u0130zmirspor, Altay, Kar\u015f\u0131yaka ve Bucaspor gibi di\u011fer \u0130zmir kul\u00fcplerinde de g\u00f6rev yapt\u0131.<br \/><\/p>\n","protected":false},"excerpt":{"rendered":"<p>\u0130zmir \u00c7oruhlu FK, Engin Dursun ile yollar\u0131n\u0131 ay\u0131rd\u0131ktan sonra tak\u0131m\u0131 ge\u00e7ti\u011fimiz sezon da \u00e7al\u0131\u015ft\u0131ran Levent Eri\u015f\u2019e emanet etmeye haz\u0131rlan\u0131yor. TFF 3. Lig 4. Grup ekiplerinden \u0130zmir \u00c7oruhlu FK\u2019da hareketli g\u00fcnler ya\u015fanmaya devam ediyor. Pazar g\u00fcn\u00fc Atat\u00fcrk Stad\u0131\u2019nda Kar\u015f\u0131yaka\u2019y\u0131 konuk etmeye haz\u0131rlanan turuncu-siyahl\u0131lar, ge\u00e7ti\u011fimiz g\u00fcnlerde Engin Dursun ile yollar\u0131n\u0131 ay\u0131rd\u0131ktan sonra teknik adam aray\u0131\u015f\u0131na ge\u00e7ti. \u0130zmir&#8230;<\/p>\n","protected":false},"author":1,"featured_media":60393,"comment_status":"open","ping_status":"open","sticky":false,"template":"","format":"standard","meta":{"_crdt_document":"","footnotes":""},"categories":[4],"tags":[],"class_list":["post-60392","post","type-post","status-publish","format-standard","has-post-thumbnail","hentry","category-spor"],"_links":{"self":[{"href":"https:\/\/www.egemtv.com\/index.php?rest_route=\/wp\/v2\/posts\/60392","targetHints":{"allow":["GET"]}}],"collection":[{"href":"https:\/\/www.egemtv.com\/index.php?rest_route=\/wp\/v2\/posts"}],"about":[{"href":"https:\/\/www.egemtv.com\/index.php?rest_route=\/wp\/v2\/types\/post"}],"author":[{"embeddable":true,"href":"https:\/\/www.egemtv.com\/index.php?rest_route=\/wp\/v2\/users\/1"}],"replies":[{"embeddable":true,"href":"https:\/\/www.egemtv.com\/index.php?rest_route=%2Fwp%2Fv2%2Fcomments&post=60392"}],"version-history":[{"count":1,"href":"https:\/\/www.egemtv.com\/index.php?rest_route=\/wp\/v2\/posts\/60392\/revisions"}],"predecessor-version":[{"id":60394,"href":"https:\/\/www.egemtv.com\/index.php?rest_route=\/wp\/v2\/posts\/60392\/revisions\/60394"}],"wp:featuredmedia":[{"embeddable":true,"href":"https:\/\/www.egemtv.com\/index.php?rest_route=\/wp\/v2\/media\/60393"}],"wp:attachment":[{"href":"https:\/\/www.egemtv.com\/index.php?rest_route=%2Fwp%2Fv2%2Fmedia&parent=60392"}],"wp:term":[{"taxonomy":"category","embeddable":true,"href":"https:\/\/www.egemtv.com\/index.php?rest_route=%2Fwp%2Fv2%2Fcategories&post=60392"},{"taxonomy":"post_tag","embeddable":true,"href":"https:\/\/www.egemtv.com\/index.php?rest_route=%2Fwp%2Fv2%2Ftags&post=60392"}],"curies":[{"name":"wp","href":"https:\/\/api.w.org\/{rel}","templated":true}]}}