{"id":60389,"date":"2025-10-09T15:35:38","date_gmt":"2025-10-09T12:35:38","guid":{"rendered":"https:\/\/www.egemtv.com\/?p=60389"},"modified":"2025-10-09T15:35:39","modified_gmt":"2025-10-09T12:35:39","slug":"anne-kiz-el-ele-verdi-koskteki-tum-kadinlarin-sorunlarina-cozum-uretti","status":"publish","type":"post","link":"https:\/\/www.egemtv.com\/?p=60389","title":{"rendered":"Anne k\u0131z el ele verdi, K\u00f6\u015fk\u2019teki t\u00fcm kad\u0131nlar\u0131n sorunlar\u0131na \u00e7\u00f6z\u00fcm \u00fcretti"},"content":{"rendered":"<p>Ayd\u0131n\u2019\u0131n K\u00f6\u015fk il\u00e7esinde ya\u015fayan Nilg\u00fcn Ak\u00e7ay ve k\u0131z\u0131 Nil\u00fcfer, hemcinslerinin misafir a\u011f\u0131rlamada ve \u00f6zel g\u00fcnlerde ya\u015fad\u0131klar\u0131 s\u0131k\u0131nt\u0131lar\u0131 \u00e7\u00f6z\u00fcme kavu\u015fturmak i\u00e7in el ele verip K\u00f6\u015fk\u2019te davet ve a\u011f\u0131rlama evi kurdu. Ayd\u0131n\u2019\u0131n en k\u00fc\u00e7\u00fck il\u00e7elerinden biri olmas\u0131na ra\u011fmen il\u00e7ede kurulan davet ve a\u011f\u0131rlama evi sadece K\u00f6\u015fk\u2019teki de\u011fil \u00e7evre il\u00e7elerdeki kad\u0131nlara da hizmet vermeye ba\u015flad\u0131.<br \/>\n<br \/>D\u00fcnyada misafirperverli\u011fe en \u00f6nem veren milletlerin ba\u015f\u0131nda Anadolu insan\u0131n\u0131n geldi\u011fini ancak son d\u00f6nemlerde ya\u015fanan gerek ekonomik gerekse sosyal de\u011fi\u015fimlerin misafir a\u011f\u0131rlamay\u0131 zorla\u015ft\u0131rd\u0131\u011f\u0131n\u0131 belirten Nilg\u00fcn Ak\u00e7ay, k\u0131z\u0131 ile el ele verip hemcinslerinin misafir a\u011f\u0131rlama \u00f6zel g\u00fcn ve gecelerde ya\u015fad\u0131\u011f\u0131 s\u0131k\u0131nt\u0131lara \u00e7\u00f6z\u00fcm \u00fcretmek i\u00e7in davet ve a\u011f\u0131rlama evi a\u00e7t\u0131klar\u0131n\u0131 belirtti. K\u00f6\u015fk Devlet Hastanesi\u2019nin arka taraf\u0131nda bulunan Nil\u00fcfer Davet ve A\u011f\u0131rlama Evi, do\u011fum g\u00fcn\u00fc, s\u00f6z, ni\u015fan ve \u00f6zel g\u00fcnlerin adresi haline geldi.<br \/>\n<br \/>Kad\u0131nlar\u0131n i\u015f hayat\u0131na at\u0131lmas\u0131 ve geni\u015f avlulu evlerden apartmana ve k\u00fc\u00e7\u00fck dairelerde ya\u015fam\u0131n yayg\u0131nla\u015fmas\u0131 ile art\u0131k misafir a\u011f\u0131rlaman\u0131n da evlerde t\u00f6ren ve g\u00fcn yapman\u0131n \u00e7ok zorla\u015ft\u0131\u011f\u0131n\u0131 belirten Nilg\u00fcn Ak\u00e7ay, &#8220;Maalesef k\u0131z isteme ni\u015fan ya da aile i\u00e7i t\u00f6renlerde bile kom\u015fular aras\u0131nda g\u00fcr\u00fclt\u00fc kavgalar\u0131 \u00e7\u0131kmaya ba\u015flad\u0131. Bunun yan\u0131nda evler de art\u0131k eskisi kadar m\u00fcsait olmad\u0131\u011f\u0131 i\u00e7in biz kad\u0131nlar\u0131n en b\u00fcy\u00fck s\u0131k\u0131nt\u0131s\u0131 \u00f6zel g\u00fcnlerde kalabal\u0131k misafirleri a\u011f\u0131rlamak oldu. Eskiden sadece \u015fehir merkezlerinde ya\u015fanan bu sorun k\u00f6ylerde de ya\u015fanmaya ba\u015flay\u0131nca k\u0131z\u0131mla kad\u0131nlar\u0131n bu sorununu \u00e7\u00f6zmek i\u00e7in b\u00f6yle bir giri\u015fimde bulunduk. \u015eimdi sadece K\u00f6\u015fkl\u00fc kad\u0131nlar\u0131m\u0131za de\u011fil \u00e7evre il\u00e7elerdeki han\u0131mlara da hizmet veriyoruz&#8221; dedi.<br \/>\n<br \/>Kad\u0131nlar\u0131n i\u015f hayat\u0131na at\u0131lmas\u0131 ve tar\u0131m sekt\u00f6r\u00fcnde pek \u00e7ok i\u015fi kad\u0131nlar\u0131n yapmas\u0131 nedeniyle art\u0131k misafir a\u011f\u0131rlama ve \u00f6zel g\u00fcnlerin kad\u0131nlar i\u00e7in ciddi bir y\u00fck olmaya ba\u015flad\u0131\u011f\u0131n\u0131 kaydeden Nil\u00fcifer Ak\u00e7ay, &#8220;Ak\u015fama kadar \u00e7al\u0131\u015f\u0131p ak\u015fam bir davete gitmek ya da misafirler i\u00e7in \u00f6zel haz\u0131rl\u0131k yapmak art\u0131k kad\u0131nlar i\u00e7in \u00e7ok zor hale geldi. \u00c7al\u0131\u015fan veya \u00e7ocuklu kad\u0131nlar\u0131n s\u0131k\u0131nt\u0131lar\u0131n\u0131 \u00e7\u00f6z\u00fcme kavu\u015fturmak i\u00e7in b\u00f6yle bir giri\u015fimde bulunduk. Art\u0131k kad\u0131nlar\u0131m\u0131z misafirlerini davet ediyor. A\u011f\u0131rlamas\u0131 bize kal\u0131yor&#8221; diyerek art\u0131k kad\u0131nlar\u0131n s\u0131k\u0131lmadan organizasyonlar\u0131n\u0131 ger\u00e7ekle\u015ftirip misafirlerini a\u011f\u0131rlayabileceklerini s\u00f6yledi.<br \/><\/p>\n","protected":false},"excerpt":{"rendered":"<p>Ayd\u0131n\u2019\u0131n K\u00f6\u015fk il\u00e7esinde ya\u015fayan Nilg\u00fcn Ak\u00e7ay ve k\u0131z\u0131 Nil\u00fcfer, hemcinslerinin misafir a\u011f\u0131rlamada ve \u00f6zel g\u00fcnlerde ya\u015fad\u0131klar\u0131 s\u0131k\u0131nt\u0131lar\u0131 \u00e7\u00f6z\u00fcme kavu\u015fturmak i\u00e7in el ele verip K\u00f6\u015fk\u2019te davet ve a\u011f\u0131rlama evi kurdu. Ayd\u0131n\u2019\u0131n en k\u00fc\u00e7\u00fck il\u00e7elerinden biri olmas\u0131na ra\u011fmen il\u00e7ede kurulan davet ve a\u011f\u0131rlama evi sadece K\u00f6\u015fk\u2019teki de\u011fil \u00e7evre il\u00e7elerdeki kad\u0131nlara da hizmet vermeye ba\u015flad\u0131. D\u00fcnyada misafirperverli\u011fe en&#8230;<\/p>\n","protected":false},"author":1,"featured_media":60390,"comment_status":"open","ping_status":"open","sticky":false,"template":"","format":"standard","meta":{"_crdt_document":"","footnotes":""},"categories":[125],"tags":[],"class_list":["post-60389","post","type-post","status-publish","format-standard","has-post-thumbnail","hentry","category-ekonomi"],"_links":{"self":[{"href":"https:\/\/www.egemtv.com\/index.php?rest_route=\/wp\/v2\/posts\/60389","targetHints":{"allow":["GET"]}}],"collection":[{"href":"https:\/\/www.egemtv.com\/index.php?rest_route=\/wp\/v2\/posts"}],"about":[{"href":"https:\/\/www.egemtv.com\/index.php?rest_route=\/wp\/v2\/types\/post"}],"author":[{"embeddable":true,"href":"https:\/\/www.egemtv.com\/index.php?rest_route=\/wp\/v2\/users\/1"}],"replies":[{"embeddable":true,"href":"https:\/\/www.egemtv.com\/index.php?rest_route=%2Fwp%2Fv2%2Fcomments&post=60389"}],"version-history":[{"count":1,"href":"https:\/\/www.egemtv.com\/index.php?rest_route=\/wp\/v2\/posts\/60389\/revisions"}],"predecessor-version":[{"id":60391,"href":"https:\/\/www.egemtv.com\/index.php?rest_route=\/wp\/v2\/posts\/60389\/revisions\/60391"}],"wp:featuredmedia":[{"embeddable":true,"href":"https:\/\/www.egemtv.com\/index.php?rest_route=\/wp\/v2\/media\/60390"}],"wp:attachment":[{"href":"https:\/\/www.egemtv.com\/index.php?rest_route=%2Fwp%2Fv2%2Fmedia&parent=60389"}],"wp:term":[{"taxonomy":"category","embeddable":true,"href":"https:\/\/www.egemtv.com\/index.php?rest_route=%2Fwp%2Fv2%2Fcategories&post=60389"},{"taxonomy":"post_tag","embeddable":true,"href":"https:\/\/www.egemtv.com\/index.php?rest_route=%2Fwp%2Fv2%2Ftags&post=60389"}],"curies":[{"name":"wp","href":"https:\/\/api.w.org\/{rel}","templated":true}]}}