{"id":60383,"date":"2025-10-09T15:15:38","date_gmt":"2025-10-09T12:15:38","guid":{"rendered":"https:\/\/www.egemtv.com\/?p=60383"},"modified":"2025-10-09T15:15:39","modified_gmt":"2025-10-09T12:15:39","slug":"mugla-buyuksehir-gezici-dayanisma-otobusu-yollarda","status":"publish","type":"post","link":"https:\/\/www.egemtv.com\/?p=60383","title":{"rendered":"Mu\u011fla B\u00fcy\u00fck\u015fehir Gezici Da(Ya)n\u0131\u015fma otob\u00fcs\u00fc yollarda"},"content":{"rendered":"<p>Mu\u011fla B\u00fcy\u00fck\u015fehir Belediyesi\u2019nin \u2018Kad\u0131nlar G\u00fc\u00e7leniyor Kent E\u015fitleniyor\u2019 vizyonuyla Milas Bozb\u00fck\u2019te ziyaretlerine ba\u015flayan Gezici Da(Ya)N\u0131\u015fma Otob\u00fcs\u00fc, k\u0131rsal mahallelerde kad\u0131nlar ve \u00e7ocuklarla bulu\u015fmaya devam ediyor.<br \/>\n<br \/>Merkezden k\u0131rsala herkese hizmet g\u00f6t\u00fcrmeyi hedefleyen Mu\u011fla B\u00fcy\u00fck\u015fehir Belediyesi, Gezici Da(Ya)N\u0131\u015fma otob\u00fcs\u00fc ile kad\u0131nlar ve \u00e7ocuklarla bir araya gelmeyi s\u00fcrd\u00fcr\u00fcyor. \u0130lk dura\u011f\u0131 Milas\u2019\u0131n Bozb\u00fck Mahallesi olan otob\u00fcs; Yata\u011fan Akgedik, Ortaca Ye\u015filyurt, Bodrum Dirmil ve Ula Esentepe mahallelerinde de kad\u0131nlar ve \u00e7ocuklarla bulu\u015ftu.<br \/>\n<br \/>Gezici Da(Ya)N\u0131\u015fma otob\u00fcs\u00fcnde neler var?<br \/>\n<br \/>Gezici Da(Ya)N\u0131\u015fma Otob\u00fcs\u00fcnde kad\u0131nlar i\u00e7in; psikolojik ve sosyal destek g\u00f6r\u00fc\u015fmeleri, sa\u011fl\u0131k ve dan\u0131\u015fmanl\u0131k hizmeti, hukuki haklar ve f\u0131rsatlar hakk\u0131nda bilgilendirme, ayr\u0131ca g\u00fc\u00e7lenme ve dayan\u0131\u015fma bulu\u015fmalar\u0131 d\u00fczenleniyor.<br \/>\n<br \/>\u00c7ocuklar i\u00e7in ise; yenilik\u00e7i at\u00f6lyeler, psikolojik destek ve rehberlik, sosyal etkinlikler ve payla\u015f\u0131m alanlar\u0131 otob\u00fcs i\u00e7erisinde yer al\u0131yor. B\u00f6ylece kad\u0131nlar kendilerine y\u00f6nelik destek hizmetlerinden faydalan\u0131rken, \u00e7ocuklar da g\u00fcvenli ve e\u011fitici bir ortamda vakit ge\u00e7irme imk\u00e2n\u0131 buluyor.<br \/>\n<br \/>\u00d6zel g\u00fcnlerde \u00f6zel etkinlikler<br \/>\n<br \/>Gezici Da(Ya)N\u0131\u015fma Otob\u00fcs\u00fc, i\u00e7erisinde yer alan etkinlikler ve hizmetlerin yan\u0131 s\u0131ra, yakla\u015fan \u00f6zel g\u00fcnler i\u00e7in \u00e7ocuklara \u00f6zel programlar da d\u00fczenliyor. 29 Ekim Cumhuriyet Bayram\u0131n\u0131n yakla\u015fmas\u0131yla birlikte \u00e7ocuklar i\u00e7in haz\u0131rlanan Cumhuriyet At\u00f6lyelerinde, hem de\u011ferler e\u011fitimi verilecek hem de Cumhuriyet\u2019in anlam\u0131 ve kazan\u0131mlar\u0131 yenilik\u00e7i etkinliklerle \u00e7ocuklara aktar\u0131lacak.<br \/>\n<br \/>Ba\u015fkan Aras: &#8220;Kad\u0131nlar\u0131n g\u00fc\u00e7lenmedi\u011fi yerde ger\u00e7ek kalk\u0131nma olamaz&#8221;<br \/>\n<br \/>K\u0131y\u0131 Ege Belediyeler Birli\u011fi ve Mu\u011fla B\u00fcy\u00fck\u015fehir Belediye Ba\u015fkan\u0131 Ahmet Aras, projenin kad\u0131n ve \u00e7ocuklara do\u011frudan temas eden \u00f6nemli bir sosyal belediyecilik \u00f6rne\u011fi oldu\u011funu vurgulad\u0131.<br \/>\n<br \/>Ba\u015fkan Aras, &#8220;Kad\u0131nlar\u0131n g\u00fc\u00e7lenmedi\u011fi, \u00e7ocuklar\u0131n g\u00fcvenle b\u00fcy\u00fcmedi\u011fi bir yerde ger\u00e7ek kalk\u0131nmadan s\u00f6z edemeyiz. Gezici Da(Ya)N\u0131\u015fma Otob\u00fcs\u00fc ile amac\u0131m\u0131z, merkezden en uzak mahalleye kadar e\u015fit hizmeti ula\u015ft\u0131rmak ve her ya\u015ftan yurtta\u015f\u0131m\u0131z\u0131n yan\u0131nda oldu\u011fumuzu hissettirmek. Kad\u0131nlar\u0131n sosyal, psikolojik ve hukuki anlamda desteklenmesi, kent ya\u015fam\u0131nda e\u015fit f\u0131rsatlara sahip olmas\u0131 bizim i\u00e7in \u00f6ncelikli bir hedef. \u00c7ocuklar\u0131m\u0131z ise Cumhuriyet\u2019in gelece\u011fi; onlar\u0131n \u00f6zg\u00fcr, mutlu ve bilin\u00e7li bireyler olarak yeti\u015fmesi en b\u00fcy\u00fck sorumlulu\u011fumuz&#8221; dedi.<br \/><\/p>\n","protected":false},"excerpt":{"rendered":"<p>Mu\u011fla B\u00fcy\u00fck\u015fehir Belediyesi\u2019nin \u2018Kad\u0131nlar G\u00fc\u00e7leniyor Kent E\u015fitleniyor\u2019 vizyonuyla Milas Bozb\u00fck\u2019te ziyaretlerine ba\u015flayan Gezici Da(Ya)N\u0131\u015fma Otob\u00fcs\u00fc, k\u0131rsal mahallelerde kad\u0131nlar ve \u00e7ocuklarla bulu\u015fmaya devam ediyor. Merkezden k\u0131rsala herkese hizmet g\u00f6t\u00fcrmeyi hedefleyen Mu\u011fla B\u00fcy\u00fck\u015fehir Belediyesi, Gezici Da(Ya)N\u0131\u015fma otob\u00fcs\u00fc ile kad\u0131nlar ve \u00e7ocuklarla bir araya gelmeyi s\u00fcrd\u00fcr\u00fcyor. \u0130lk dura\u011f\u0131 Milas\u2019\u0131n Bozb\u00fck Mahallesi olan otob\u00fcs; Yata\u011fan Akgedik, Ortaca Ye\u015filyurt, Bodrum&#8230;<\/p>\n","protected":false},"author":1,"featured_media":60384,"comment_status":"open","ping_status":"open","sticky":false,"template":"","format":"standard","meta":{"_crdt_document":"","footnotes":""},"categories":[1],"tags":[],"class_list":["post-60383","post","type-post","status-publish","format-standard","has-post-thumbnail","hentry","category-guncel"],"_links":{"self":[{"href":"https:\/\/www.egemtv.com\/index.php?rest_route=\/wp\/v2\/posts\/60383","targetHints":{"allow":["GET"]}}],"collection":[{"href":"https:\/\/www.egemtv.com\/index.php?rest_route=\/wp\/v2\/posts"}],"about":[{"href":"https:\/\/www.egemtv.com\/index.php?rest_route=\/wp\/v2\/types\/post"}],"author":[{"embeddable":true,"href":"https:\/\/www.egemtv.com\/index.php?rest_route=\/wp\/v2\/users\/1"}],"replies":[{"embeddable":true,"href":"https:\/\/www.egemtv.com\/index.php?rest_route=%2Fwp%2Fv2%2Fcomments&post=60383"}],"version-history":[{"count":1,"href":"https:\/\/www.egemtv.com\/index.php?rest_route=\/wp\/v2\/posts\/60383\/revisions"}],"predecessor-version":[{"id":60385,"href":"https:\/\/www.egemtv.com\/index.php?rest_route=\/wp\/v2\/posts\/60383\/revisions\/60385"}],"wp:featuredmedia":[{"embeddable":true,"href":"https:\/\/www.egemtv.com\/index.php?rest_route=\/wp\/v2\/media\/60384"}],"wp:attachment":[{"href":"https:\/\/www.egemtv.com\/index.php?rest_route=%2Fwp%2Fv2%2Fmedia&parent=60383"}],"wp:term":[{"taxonomy":"category","embeddable":true,"href":"https:\/\/www.egemtv.com\/index.php?rest_route=%2Fwp%2Fv2%2Fcategories&post=60383"},{"taxonomy":"post_tag","embeddable":true,"href":"https:\/\/www.egemtv.com\/index.php?rest_route=%2Fwp%2Fv2%2Ftags&post=60383"}],"curies":[{"name":"wp","href":"https:\/\/api.w.org\/{rel}","templated":true}]}}