{"id":60377,"date":"2025-10-09T14:54:55","date_gmt":"2025-10-09T11:54:55","guid":{"rendered":"https:\/\/www.egemtv.com\/?p=60377"},"modified":"2025-10-09T14:54:56","modified_gmt":"2025-10-09T11:54:56","slug":"jandarmadan-duzensiz-goc-operasyonu-32-duzensiz-gocmen-yakalandi","status":"publish","type":"post","link":"https:\/\/www.egemtv.com\/?p=60377","title":{"rendered":"Jandarmadan d\u00fczensiz g\u00f6\u00e7 operasyonu: 32 d\u00fczensiz g\u00f6\u00e7men yakaland\u0131"},"content":{"rendered":"<p>Ayd\u0131n\u2019da jandarma ekiplerince il genlinde yap\u0131lan operasyonda 32 d\u00fczensiz g\u00f6\u00e7men yakaland\u0131, 1 organizat\u00f6r tutukland\u0131.<\/p>\n<p>Ayd\u0131n \u0130l Jandarma Komutanl\u0131\u011f\u0131 koordinesinde d\u00fczensiz g\u00f6\u00e7le m\u00fccadeleye y\u00f6nelik 17 il\u00e7ede 60 ekip ve 170 personel ile \u2018Huzur Uygulamas\u0131\u2019 ger\u00e7ekle\u015ftirildi. Yap\u0131lan operasyonlarda 3 bin 142 \u015fahs\u0131n sorgusu yap\u0131l\u0131rken, hapis cezas\u0131na y\u00f6nelik aranmas\u0131 olan 5 ki\u015fi, ifadeye y\u00f6nelik aranmas\u0131 olan 7 ki\u015fi yakaland\u0131. 65 d\u00fczensiz g\u00f6\u00e7menin de sorgusunun yap\u0131ld\u0131\u011f\u0131 uygulamada 32 d\u00fczensiz g\u00f6\u00e7men yakalanarak Ayd\u0131n G\u00d6KSEM\u2019e teslim edildi. 1 organizat\u00f6r de tutuklanarak ceza evine g\u00f6nderildi.<\/p>\n<p>Ayr\u0131ca uygulama kapsam\u0131nda 497 ara\u00e7, 4 bal\u0131k\u00e7\u0131 bar\u0131na\u011f\u0131, 21 otel, 29 pansiyon, 6 sezonluk kullan\u0131lan \u00e7iftlik, 68 metruk bina, 83 umuma a\u00e7\u0131k yer, 2 terminal kontrol edildi. Vatanda\u015f\u0131n huzur ve g\u00fcveninin sa\u011flanmas\u0131 amac\u0131yla denetimlerin aral\u0131ks\u0131z olarak devam edece\u011fi \u00f6\u011frenildi.<br \/><\/p>\n","protected":false},"excerpt":{"rendered":"<p>Ayd\u0131n\u2019da jandarma ekiplerince il genlinde yap\u0131lan operasyonda 32 d\u00fczensiz g\u00f6\u00e7men yakaland\u0131, 1 organizat\u00f6r tutukland\u0131. Ayd\u0131n \u0130l Jandarma Komutanl\u0131\u011f\u0131 koordinesinde d\u00fczensiz g\u00f6\u00e7le m\u00fccadeleye y\u00f6nelik 17 il\u00e7ede 60 ekip ve 170 personel ile \u2018Huzur Uygulamas\u0131\u2019 ger\u00e7ekle\u015ftirildi. Yap\u0131lan operasyonlarda 3 bin 142 \u015fahs\u0131n sorgusu yap\u0131l\u0131rken, hapis cezas\u0131na y\u00f6nelik aranmas\u0131 olan 5 ki\u015fi, ifadeye y\u00f6nelik aranmas\u0131 olan 7 ki\u015fi&#8230;<\/p>\n","protected":false},"author":1,"featured_media":60378,"comment_status":"open","ping_status":"open","sticky":false,"template":"","format":"standard","meta":{"_crdt_document":"","footnotes":""},"categories":[5],"tags":[],"class_list":["post-60377","post","type-post","status-publish","format-standard","has-post-thumbnail","hentry","category-asayis"],"_links":{"self":[{"href":"https:\/\/www.egemtv.com\/index.php?rest_route=\/wp\/v2\/posts\/60377","targetHints":{"allow":["GET"]}}],"collection":[{"href":"https:\/\/www.egemtv.com\/index.php?rest_route=\/wp\/v2\/posts"}],"about":[{"href":"https:\/\/www.egemtv.com\/index.php?rest_route=\/wp\/v2\/types\/post"}],"author":[{"embeddable":true,"href":"https:\/\/www.egemtv.com\/index.php?rest_route=\/wp\/v2\/users\/1"}],"replies":[{"embeddable":true,"href":"https:\/\/www.egemtv.com\/index.php?rest_route=%2Fwp%2Fv2%2Fcomments&post=60377"}],"version-history":[{"count":1,"href":"https:\/\/www.egemtv.com\/index.php?rest_route=\/wp\/v2\/posts\/60377\/revisions"}],"predecessor-version":[{"id":60379,"href":"https:\/\/www.egemtv.com\/index.php?rest_route=\/wp\/v2\/posts\/60377\/revisions\/60379"}],"wp:featuredmedia":[{"embeddable":true,"href":"https:\/\/www.egemtv.com\/index.php?rest_route=\/wp\/v2\/media\/60378"}],"wp:attachment":[{"href":"https:\/\/www.egemtv.com\/index.php?rest_route=%2Fwp%2Fv2%2Fmedia&parent=60377"}],"wp:term":[{"taxonomy":"category","embeddable":true,"href":"https:\/\/www.egemtv.com\/index.php?rest_route=%2Fwp%2Fv2%2Fcategories&post=60377"},{"taxonomy":"post_tag","embeddable":true,"href":"https:\/\/www.egemtv.com\/index.php?rest_route=%2Fwp%2Fv2%2Ftags&post=60377"}],"curies":[{"name":"wp","href":"https:\/\/api.w.org\/{rel}","templated":true}]}}