{"id":60371,"date":"2025-10-09T14:54:52","date_gmt":"2025-10-09T11:54:52","guid":{"rendered":"https:\/\/www.egemtv.com\/?p=60371"},"modified":"2025-10-09T14:54:54","modified_gmt":"2025-10-09T11:54:54","slug":"mentesede-trafik-kazasi-1-yarali","status":"publish","type":"post","link":"https:\/\/www.egemtv.com\/?p=60371","title":{"rendered":"Mente\u015fe\u2019de trafik kazas\u0131: 1 yaral\u0131"},"content":{"rendered":"<p>Mu\u011fla\u2019n\u0131n Mente\u015fe il\u00e7esinde freni patlad\u0131\u011f\u0131 iddia edilen belediye kamyonu kaza yaparken, s\u00fcr\u00fcc\u00fc Onur K. yaraland\u0131.<\/p>\n<p>Mente\u015fe Esen\u00e7ay Mahallesi\u2019nde, Mente\u015fe Belediyesi\u2019ne ait kamyon iddiaya g\u00f6re freninin patlamas\u0131 sebebi ile kaza yapt\u0131. Kazada ara\u00e7 s\u00fcr\u00fcc\u00fcs\u00fc Onur K. yaraland\u0131. Yaral\u0131 s\u00fcr\u00fcc\u00fc, olay yerine gelen 112 Acil Sa\u011fl\u0131k ekipleri taraf\u0131ndan hastaneye kald\u0131r\u0131ld\u0131. Olay yerine jandarma ekipleri sevk edildi. Kazayla ilgili inceleme ba\u015flat\u0131ld\u0131.<br \/><\/p>\n","protected":false},"excerpt":{"rendered":"<p>Mu\u011fla\u2019n\u0131n Mente\u015fe il\u00e7esinde freni patlad\u0131\u011f\u0131 iddia edilen belediye kamyonu kaza yaparken, s\u00fcr\u00fcc\u00fc Onur K. yaraland\u0131. Mente\u015fe Esen\u00e7ay Mahallesi\u2019nde, Mente\u015fe Belediyesi\u2019ne ait kamyon iddiaya g\u00f6re freninin patlamas\u0131 sebebi ile kaza yapt\u0131. Kazada ara\u00e7 s\u00fcr\u00fcc\u00fcs\u00fc Onur K. yaraland\u0131. Yaral\u0131 s\u00fcr\u00fcc\u00fc, olay yerine gelen 112 Acil Sa\u011fl\u0131k ekipleri taraf\u0131ndan hastaneye kald\u0131r\u0131ld\u0131. Olay yerine jandarma ekipleri sevk edildi. Kazayla&#8230;<\/p>\n","protected":false},"author":1,"featured_media":60372,"comment_status":"open","ping_status":"open","sticky":false,"template":"","format":"standard","meta":{"_crdt_document":"","footnotes":""},"categories":[5],"tags":[],"class_list":["post-60371","post","type-post","status-publish","format-standard","has-post-thumbnail","hentry","category-asayis"],"_links":{"self":[{"href":"https:\/\/www.egemtv.com\/index.php?rest_route=\/wp\/v2\/posts\/60371","targetHints":{"allow":["GET"]}}],"collection":[{"href":"https:\/\/www.egemtv.com\/index.php?rest_route=\/wp\/v2\/posts"}],"about":[{"href":"https:\/\/www.egemtv.com\/index.php?rest_route=\/wp\/v2\/types\/post"}],"author":[{"embeddable":true,"href":"https:\/\/www.egemtv.com\/index.php?rest_route=\/wp\/v2\/users\/1"}],"replies":[{"embeddable":true,"href":"https:\/\/www.egemtv.com\/index.php?rest_route=%2Fwp%2Fv2%2Fcomments&post=60371"}],"version-history":[{"count":1,"href":"https:\/\/www.egemtv.com\/index.php?rest_route=\/wp\/v2\/posts\/60371\/revisions"}],"predecessor-version":[{"id":60373,"href":"https:\/\/www.egemtv.com\/index.php?rest_route=\/wp\/v2\/posts\/60371\/revisions\/60373"}],"wp:featuredmedia":[{"embeddable":true,"href":"https:\/\/www.egemtv.com\/index.php?rest_route=\/wp\/v2\/media\/60372"}],"wp:attachment":[{"href":"https:\/\/www.egemtv.com\/index.php?rest_route=%2Fwp%2Fv2%2Fmedia&parent=60371"}],"wp:term":[{"taxonomy":"category","embeddable":true,"href":"https:\/\/www.egemtv.com\/index.php?rest_route=%2Fwp%2Fv2%2Fcategories&post=60371"},{"taxonomy":"post_tag","embeddable":true,"href":"https:\/\/www.egemtv.com\/index.php?rest_route=%2Fwp%2Fv2%2Ftags&post=60371"}],"curies":[{"name":"wp","href":"https:\/\/api.w.org\/{rel}","templated":true}]}}