{"id":60368,"date":"2025-10-09T14:54:50","date_gmt":"2025-10-09T11:54:50","guid":{"rendered":"https:\/\/www.egemtv.com\/?p=60368"},"modified":"2025-10-09T14:54:51","modified_gmt":"2025-10-09T11:54:51","slug":"sosyal-medyadan-silah-fotografi-paylasinca-yakalandi","status":"publish","type":"post","link":"https:\/\/www.egemtv.com\/?p=60368","title":{"rendered":"Sosyal medyadan silah foto\u011fraf\u0131 payla\u015f\u0131nca yakaland\u0131"},"content":{"rendered":"<p>Ayd\u0131n\u2019\u0131n S\u00f6ke il\u00e7esinde sosyal medyadan silahl\u0131 foto payla\u015fan \u015fahs\u0131n evinde \u00e7ok say\u0131da silah ele ge\u00e7irildi.<br \/>\n<br \/>S\u00f6ke \u0130l\u00e7e Jandarma Komutanl\u0131\u011f\u0131nca, bir \u015fahs\u0131n sosyal medya hesab\u0131ndan ate\u015fli silah ile foto\u011fraf payla\u015f\u0131m\u0131 yapt\u0131\u011f\u0131 tespit edildi. \u015e\u00fcphelinin S\u00f6ke Sazl\u0131 Mahallesi\u2019nde bulunan ikametinde ve eklentilerinde yap\u0131lan aramada, (5.5mm) 2 Haval\u0131 T\u00fcfek, 1 \u00e7ift k\u0131rma seri numaras\u0131 olmayan bulunan Av T\u00fcfe\u011fi, 1 kurus\u0131k\u0131 tabanca, 1 mu\u015fta ele ge\u00e7irildi. \u015e\u00fcpheli \u015fah\u0131s hakk\u0131nda Cumhuriyet Savc\u0131s\u0131\u2019n\u0131n talimat\u0131yla adli tahkikata ba\u015flan\u0131ld\u0131.<br \/><\/p>\n","protected":false},"excerpt":{"rendered":"<p>Ayd\u0131n\u2019\u0131n S\u00f6ke il\u00e7esinde sosyal medyadan silahl\u0131 foto payla\u015fan \u015fahs\u0131n evinde \u00e7ok say\u0131da silah ele ge\u00e7irildi. S\u00f6ke \u0130l\u00e7e Jandarma Komutanl\u0131\u011f\u0131nca, bir \u015fahs\u0131n sosyal medya hesab\u0131ndan ate\u015fli silah ile foto\u011fraf payla\u015f\u0131m\u0131 yapt\u0131\u011f\u0131 tespit edildi. \u015e\u00fcphelinin S\u00f6ke Sazl\u0131 Mahallesi\u2019nde bulunan ikametinde ve eklentilerinde yap\u0131lan aramada, (5.5mm) 2 Haval\u0131 T\u00fcfek, 1 \u00e7ift k\u0131rma seri numaras\u0131 olmayan bulunan Av T\u00fcfe\u011fi,&#8230;<\/p>\n","protected":false},"author":1,"featured_media":60369,"comment_status":"open","ping_status":"open","sticky":false,"template":"","format":"standard","meta":{"_crdt_document":"","footnotes":""},"categories":[5],"tags":[],"class_list":["post-60368","post","type-post","status-publish","format-standard","has-post-thumbnail","hentry","category-asayis"],"_links":{"self":[{"href":"https:\/\/www.egemtv.com\/index.php?rest_route=\/wp\/v2\/posts\/60368","targetHints":{"allow":["GET"]}}],"collection":[{"href":"https:\/\/www.egemtv.com\/index.php?rest_route=\/wp\/v2\/posts"}],"about":[{"href":"https:\/\/www.egemtv.com\/index.php?rest_route=\/wp\/v2\/types\/post"}],"author":[{"embeddable":true,"href":"https:\/\/www.egemtv.com\/index.php?rest_route=\/wp\/v2\/users\/1"}],"replies":[{"embeddable":true,"href":"https:\/\/www.egemtv.com\/index.php?rest_route=%2Fwp%2Fv2%2Fcomments&post=60368"}],"version-history":[{"count":1,"href":"https:\/\/www.egemtv.com\/index.php?rest_route=\/wp\/v2\/posts\/60368\/revisions"}],"predecessor-version":[{"id":60370,"href":"https:\/\/www.egemtv.com\/index.php?rest_route=\/wp\/v2\/posts\/60368\/revisions\/60370"}],"wp:featuredmedia":[{"embeddable":true,"href":"https:\/\/www.egemtv.com\/index.php?rest_route=\/wp\/v2\/media\/60369"}],"wp:attachment":[{"href":"https:\/\/www.egemtv.com\/index.php?rest_route=%2Fwp%2Fv2%2Fmedia&parent=60368"}],"wp:term":[{"taxonomy":"category","embeddable":true,"href":"https:\/\/www.egemtv.com\/index.php?rest_route=%2Fwp%2Fv2%2Fcategories&post=60368"},{"taxonomy":"post_tag","embeddable":true,"href":"https:\/\/www.egemtv.com\/index.php?rest_route=%2Fwp%2Fv2%2Ftags&post=60368"}],"curies":[{"name":"wp","href":"https:\/\/api.w.org\/{rel}","templated":true}]}}