{"id":60302,"date":"2025-10-09T11:54:57","date_gmt":"2025-10-09T08:54:57","guid":{"rendered":"https:\/\/www.egemtv.com\/?p=60302"},"modified":"2025-10-09T11:54:58","modified_gmt":"2025-10-09T08:54:58","slug":"muglada-trafik-guvenligi-toplantisi-gerceklestirildi","status":"publish","type":"post","link":"https:\/\/www.egemtv.com\/?p=60302","title":{"rendered":"Mu\u011fla\u2019da trafik g\u00fcvenli\u011fi toplant\u0131s\u0131 ger\u00e7ekle\u015ftirildi"},"content":{"rendered":"<p>Mu\u011fla Valisi Dr. \u0130dris Akb\u0131y\u0131k, \u0130\u00e7i\u015fleri Bakan\u0131 Ali Yerlikaya ve Ula\u015ft\u0131rma ve Altyap\u0131 Bakan\u0131 Abdulkadir Uralo\u011flu ba\u015fkanl\u0131\u011f\u0131nda ger\u00e7ekle\u015ftirilen \u00f6nemli bir toplant\u0131ya Video Konferans Sistemi (VKS) y\u00f6ntemiyle kat\u0131l\u0131m sa\u011flad\u0131.<\/p>\n<p>Toplant\u0131, trafik g\u00fcvenli\u011fi alan\u0131ndaki Cumhurba\u015fkanl\u0131\u011f\u0131 Genelgesi kapsam\u0131nda d\u00fczenlendi. Vali Dr. \u0130dris Akb\u0131y\u0131k, toplant\u0131n\u0131n ard\u0131ndan yapt\u0131\u011f\u0131 a\u00e7\u0131klamada, karayolu trafik g\u00fcvenli\u011fini art\u0131rmaya y\u00f6nelik at\u0131lacak ad\u0131mlar\u0131n \u00f6nemini vurgulad\u0131. Say\u0131n Akb\u0131y\u0131k, y\u00fcr\u00fct\u00fclecek s\u00fcrecin temel hedeflerini \u015fu s\u00f6zlerle \u00f6zetledi: &#8220;Trafik i\u015faret ve levhalar\u0131n\u0131n sadele\u015ftirilmesi, h\u0131z s\u0131n\u0131rlar\u0131n\u0131n standart hale getirilmesi ve s\u00fcr\u00fcc\u00fc g\u00fcvenli\u011finin art\u0131r\u0131lmas\u0131 amac\u0131yla y\u00fcr\u00fct\u00fclecek bu s\u00fcre\u00e7te, t\u00fcm kurumlar\u0131m\u0131zla koordineli \u015fekilde hareket edece\u011fiz&#8221; dedi.<br \/><\/p>\n","protected":false},"excerpt":{"rendered":"<p>Mu\u011fla Valisi Dr. \u0130dris Akb\u0131y\u0131k, \u0130\u00e7i\u015fleri Bakan\u0131 Ali Yerlikaya ve Ula\u015ft\u0131rma ve Altyap\u0131 Bakan\u0131 Abdulkadir Uralo\u011flu ba\u015fkanl\u0131\u011f\u0131nda ger\u00e7ekle\u015ftirilen \u00f6nemli bir toplant\u0131ya Video Konferans Sistemi (VKS) y\u00f6ntemiyle kat\u0131l\u0131m sa\u011flad\u0131. Toplant\u0131, trafik g\u00fcvenli\u011fi alan\u0131ndaki Cumhurba\u015fkanl\u0131\u011f\u0131 Genelgesi kapsam\u0131nda d\u00fczenlendi. Vali Dr. \u0130dris Akb\u0131y\u0131k, toplant\u0131n\u0131n ard\u0131ndan yapt\u0131\u011f\u0131 a\u00e7\u0131klamada, karayolu trafik g\u00fcvenli\u011fini art\u0131rmaya y\u00f6nelik at\u0131lacak ad\u0131mlar\u0131n \u00f6nemini vurgulad\u0131. Say\u0131n Akb\u0131y\u0131k,&#8230;<\/p>\n","protected":false},"author":1,"featured_media":60303,"comment_status":"open","ping_status":"open","sticky":false,"template":"","format":"standard","meta":{"_crdt_document":"","footnotes":""},"categories":[1],"tags":[],"class_list":["post-60302","post","type-post","status-publish","format-standard","has-post-thumbnail","hentry","category-guncel"],"_links":{"self":[{"href":"https:\/\/www.egemtv.com\/index.php?rest_route=\/wp\/v2\/posts\/60302","targetHints":{"allow":["GET"]}}],"collection":[{"href":"https:\/\/www.egemtv.com\/index.php?rest_route=\/wp\/v2\/posts"}],"about":[{"href":"https:\/\/www.egemtv.com\/index.php?rest_route=\/wp\/v2\/types\/post"}],"author":[{"embeddable":true,"href":"https:\/\/www.egemtv.com\/index.php?rest_route=\/wp\/v2\/users\/1"}],"replies":[{"embeddable":true,"href":"https:\/\/www.egemtv.com\/index.php?rest_route=%2Fwp%2Fv2%2Fcomments&post=60302"}],"version-history":[{"count":1,"href":"https:\/\/www.egemtv.com\/index.php?rest_route=\/wp\/v2\/posts\/60302\/revisions"}],"predecessor-version":[{"id":60304,"href":"https:\/\/www.egemtv.com\/index.php?rest_route=\/wp\/v2\/posts\/60302\/revisions\/60304"}],"wp:featuredmedia":[{"embeddable":true,"href":"https:\/\/www.egemtv.com\/index.php?rest_route=\/wp\/v2\/media\/60303"}],"wp:attachment":[{"href":"https:\/\/www.egemtv.com\/index.php?rest_route=%2Fwp%2Fv2%2Fmedia&parent=60302"}],"wp:term":[{"taxonomy":"category","embeddable":true,"href":"https:\/\/www.egemtv.com\/index.php?rest_route=%2Fwp%2Fv2%2Fcategories&post=60302"},{"taxonomy":"post_tag","embeddable":true,"href":"https:\/\/www.egemtv.com\/index.php?rest_route=%2Fwp%2Fv2%2Ftags&post=60302"}],"curies":[{"name":"wp","href":"https:\/\/api.w.org\/{rel}","templated":true}]}}