{"id":60299,"date":"2025-10-09T11:54:56","date_gmt":"2025-10-09T08:54:56","guid":{"rendered":"https:\/\/www.egemtv.com\/?p=60299"},"modified":"2025-10-09T11:54:56","modified_gmt":"2025-10-09T08:54:56","slug":"fetoden-aranan-sahsi-polis-yakaladi-2","status":"publish","type":"post","link":"https:\/\/www.egemtv.com\/?p=60299","title":{"rendered":"FET\u00d6\u2019den aranan \u015fahs\u0131 polis yakalad\u0131"},"content":{"rendered":"<p>Afyonkarahisar\u2019da Fetullah\u00e7\u0131 Ter\u00f6r \u00d6rg\u00fct\u00fc\u2019ne \u00fcye olma su\u00e7undan 6 y\u0131l 3 ay hapis cezas\u0131yla aranan \u015fah\u0131s polis taraf\u0131ndan yakaland\u0131.<br \/>\n<br \/>Edinilen bilgilere g\u00f6re, FET\u00d6\u2019ye \u00fcye olma su\u00e7undan 2016 y\u0131l\u0131nda hakk\u0131nda i\u015flem yap\u0131lan ve 6 y\u0131l 3 ay hapis cezas\u0131yla aranan S.K., isimli \u015fahs\u0131n yakalanmas\u0131 i\u00e7in polis taraf\u0131ndan \u00e7al\u0131\u015fma ba\u015flat\u0131ld\u0131. \u015eahs\u0131n pe\u015fine d\u00fc\u015fen ekipler \u015f\u00fcpheliyi kent merkezinde yakalayarak g\u00f6zalt\u0131na ald\u0131. \u015eah\u0131s i\u015flemlerinin ard\u0131ndan sevk edildi\u011fi mahkeme taraf\u0131ndan tutuklanarak cezaevine g\u00f6nderildi.<br \/><\/p>\n","protected":false},"excerpt":{"rendered":"<p>Afyonkarahisar\u2019da Fetullah\u00e7\u0131 Ter\u00f6r \u00d6rg\u00fct\u00fc\u2019ne \u00fcye olma su\u00e7undan 6 y\u0131l 3 ay hapis cezas\u0131yla aranan \u015fah\u0131s polis taraf\u0131ndan yakaland\u0131. Edinilen bilgilere g\u00f6re, FET\u00d6\u2019ye \u00fcye olma su\u00e7undan 2016 y\u0131l\u0131nda hakk\u0131nda i\u015flem yap\u0131lan ve 6 y\u0131l 3 ay hapis cezas\u0131yla aranan S.K., isimli \u015fahs\u0131n yakalanmas\u0131 i\u00e7in polis taraf\u0131ndan \u00e7al\u0131\u015fma ba\u015flat\u0131ld\u0131. \u015eahs\u0131n pe\u015fine d\u00fc\u015fen ekipler \u015f\u00fcpheliyi kent merkezinde yakalayarak&#8230;<\/p>\n","protected":false},"author":1,"featured_media":60300,"comment_status":"open","ping_status":"open","sticky":false,"template":"","format":"standard","meta":{"_crdt_document":"","footnotes":""},"categories":[5],"tags":[],"class_list":["post-60299","post","type-post","status-publish","format-standard","has-post-thumbnail","hentry","category-asayis"],"_links":{"self":[{"href":"https:\/\/www.egemtv.com\/index.php?rest_route=\/wp\/v2\/posts\/60299","targetHints":{"allow":["GET"]}}],"collection":[{"href":"https:\/\/www.egemtv.com\/index.php?rest_route=\/wp\/v2\/posts"}],"about":[{"href":"https:\/\/www.egemtv.com\/index.php?rest_route=\/wp\/v2\/types\/post"}],"author":[{"embeddable":true,"href":"https:\/\/www.egemtv.com\/index.php?rest_route=\/wp\/v2\/users\/1"}],"replies":[{"embeddable":true,"href":"https:\/\/www.egemtv.com\/index.php?rest_route=%2Fwp%2Fv2%2Fcomments&post=60299"}],"version-history":[{"count":1,"href":"https:\/\/www.egemtv.com\/index.php?rest_route=\/wp\/v2\/posts\/60299\/revisions"}],"predecessor-version":[{"id":60301,"href":"https:\/\/www.egemtv.com\/index.php?rest_route=\/wp\/v2\/posts\/60299\/revisions\/60301"}],"wp:featuredmedia":[{"embeddable":true,"href":"https:\/\/www.egemtv.com\/index.php?rest_route=\/wp\/v2\/media\/60300"}],"wp:attachment":[{"href":"https:\/\/www.egemtv.com\/index.php?rest_route=%2Fwp%2Fv2%2Fmedia&parent=60299"}],"wp:term":[{"taxonomy":"category","embeddable":true,"href":"https:\/\/www.egemtv.com\/index.php?rest_route=%2Fwp%2Fv2%2Fcategories&post=60299"},{"taxonomy":"post_tag","embeddable":true,"href":"https:\/\/www.egemtv.com\/index.php?rest_route=%2Fwp%2Fv2%2Ftags&post=60299"}],"curies":[{"name":"wp","href":"https:\/\/api.w.org\/{rel}","templated":true}]}}