{"id":60296,"date":"2025-10-09T11:54:55","date_gmt":"2025-10-09T08:54:55","guid":{"rendered":"https:\/\/www.egemtv.com\/?p=60296"},"modified":"2025-10-09T11:54:56","modified_gmt":"2025-10-09T08:54:56","slug":"denizlide-4-6-yas-kuran-kursu-ve-genclik-merkezi-hizmete-acildi","status":"publish","type":"post","link":"https:\/\/www.egemtv.com\/?p=60296","title":{"rendered":"Denizli\u2019de 4-6 ya\u015f Kur\u2019an Kursu ve Gen\u00e7lik Merkezi hizmete a\u00e7\u0131ld\u0131"},"content":{"rendered":"<p>Denizli\u2019nin Merkezefendi il\u00e7esinde hay\u0131rsever deste\u011fiyle tamamlanan Muhammet Sururi Ba\u015fer 4-6 Ya\u015f Kur\u2019an Kursu ve Seyfi Ba\u015fer Diyanet Gen\u00e7lik Merkezi, yo\u011fun kat\u0131l\u0131mla ve dualarla a\u00e7\u0131ld\u0131.<\/p>\n<p>Denizli\u2019nin Merkezefendi il\u00e7esinde yap\u0131m\u0131 tamamlanan iki \u00f6nemli manevi e\u011fitim kurumu, d\u00fczenlenen t\u00f6renle kap\u0131lar\u0131n\u0131 a\u00e7t\u0131. G\u00f6ve\u00e7lik Mahallesi\u2019nde in\u015fa edilen Muhammet Sururi Ba\u015fer 4-6 Ya\u015f Kur\u2019an Kursu ve Seyfi Ba\u015fer Diyanet Gen\u00e7lik Merkezi, b\u00fcy\u00fck bir co\u015fku ve geni\u015f kat\u0131l\u0131mla hizmete girdi. Kur\u2019an-\u0131 Kerim tilavetiyle ba\u015flayan t\u00f6rene Vali \u00d6mer Faruk Co\u015fkun, Merkezefendi Kaymakam\u0131 Abdullah Demir, \u0130l M\u00fcft\u00fcs\u00fc Abdullah Pamuklu, Dini Y\u00fcksek \u0130htisas Merkezi M\u00fcd\u00fcr\u00fc Ahmet \u015eamil Ok, \u0130l Milli E\u011fitim M\u00fcd\u00fcr\u00fc Dr. Emre \u00c7al\u0131\u015fkan ve Merkezefendi M\u00fcft\u00fcs\u00fc Dr. Osman G\u00fcne\u015f, protokol \u00fcyeleri, hay\u0131rsever Ba\u015fer ailesi ve davetliler kat\u0131ld\u0131.<\/p>\n<p>&#8220;Manevi e\u011fitimde \u00f6nemli bir e\u015fik&#8221;<br \/>\n<br \/>T\u00f6rende konu\u015fan Merkezefendi M\u00fcft\u00fcs\u00fc Dr. Osman G\u00fcne\u015f, il\u00e7eye kazand\u0131r\u0131lan yeni kurumlar\u0131n \u00e7ocuklar ve gen\u00e7ler i\u00e7in \u00f6nemli birer e\u011fitim yuvas\u0131 olaca\u011f\u0131n\u0131 vurgulayarak, &#8220;\u0130l\u00e7emizde sekizinci 4-6 ya\u015f Kur\u2019an kursumuzu ve d\u00f6rd\u00fcnc\u00fc gen\u00e7lik merkezimizi a\u00e7man\u0131n mutlulu\u011funu ya\u015f\u0131yoruz. Miniklerimizi ve gen\u00e7lerimizi Allah\u2019a, Peygambere, millete ve bayra\u011fa sevgiyle ba\u011flayacak bu mek\u00e2nlar, gelece\u011fe umutla bakmam\u0131z\u0131 sa\u011fl\u0131yor&#8221; dedi.<\/p>\n<p>&#8220;F\u0131trat \u00fczerine kurulu e\u011fitim&#8221;<br \/>\n<br \/>\u0130l M\u00fcft\u00fcs\u00fc Abdullah Pamuklu da Diyanet \u0130\u015fleri Ba\u015fkanl\u0131\u011f\u0131n\u0131n yayg\u0131n din e\u011fitimi anlay\u0131\u015f\u0131na dikkat \u00e7ekerek, &#8220;Her \u00e7ocuk \u0130slam f\u0131trat\u0131 \u00fczere do\u011far. Bu saf yap\u0131y\u0131 g\u00fczelliklerle beslemek g\u00f6revimizdir. 4-6 ya\u015f Kur\u2019an kurslar\u0131m\u0131z, modern altyap\u0131larla \u00e7ocuklar\u0131m\u0131za en iyi e\u011fitimi sunuyor. Hay\u0131r sahiplerine ve eme\u011fi ge\u00e7en herkese te\u015fekk\u00fcr ediyorum&#8221; \u015feklinde konu\u015ftu.<\/p>\n<p>&#8220;De\u011ferlerine ba\u011fl\u0131 nesiller yeti\u015fecek&#8221;<br \/>\n<br \/>Denizli Valisi \u00d6mer Faruk Co\u015fkun ise konu\u015fmas\u0131nda, toplumun manevi yap\u0131s\u0131n\u0131 g\u00fc\u00e7lendiren bu t\u00fcr yat\u0131r\u0131mlar\u0131n \u00f6nemine de\u011finerek &#8220;Burada yeti\u015fecek evlatlar\u0131m\u0131z\u0131n, milli ve manevi de\u011ferlere ba\u011fl\u0131, g\u00fc\u00e7l\u00fc bireyler olarak yeti\u015fece\u011fine inan\u0131yorum. Bu merkezin kurulmas\u0131nda eme\u011fi ge\u00e7en t\u00fcm ki\u015fi ve kurumlara te\u015fekk\u00fcr ediyorum&#8221; \u015feklinde konu\u015ftu.<\/p>\n<p>T\u00f6ren \u0130l M\u00fcft\u00fcs\u00fc Abdullah Pamuklu\u2019nun yapt\u0131\u011f\u0131 dua ile sona erdi. Ard\u0131ndan kat\u0131l\u0131mc\u0131lar, yeni e\u011fitim kurumlar\u0131n\u0131 gezerek fiziki altyap\u0131 ve e\u011fitim ortam\u0131n\u0131 yerinde inceledi. Modern s\u0131n\u0131flar, g\u00fcvenli oyun alanlar\u0131 ve donan\u0131ml\u0131 gen\u00e7lik salonlar\u0131 b\u00fcy\u00fck be\u011feni toplad\u0131.<br \/><\/p>\n","protected":false},"excerpt":{"rendered":"<p>Denizli\u2019nin Merkezefendi il\u00e7esinde hay\u0131rsever deste\u011fiyle tamamlanan Muhammet Sururi Ba\u015fer 4-6 Ya\u015f Kur\u2019an Kursu ve Seyfi Ba\u015fer Diyanet Gen\u00e7lik Merkezi, yo\u011fun kat\u0131l\u0131mla ve dualarla a\u00e7\u0131ld\u0131. Denizli\u2019nin Merkezefendi il\u00e7esinde yap\u0131m\u0131 tamamlanan iki \u00f6nemli manevi e\u011fitim kurumu, d\u00fczenlenen t\u00f6renle kap\u0131lar\u0131n\u0131 a\u00e7t\u0131. G\u00f6ve\u00e7lik Mahallesi\u2019nde in\u015fa edilen Muhammet Sururi Ba\u015fer 4-6 Ya\u015f Kur\u2019an Kursu ve Seyfi Ba\u015fer Diyanet Gen\u00e7lik Merkezi,&#8230;<\/p>\n","protected":false},"author":1,"featured_media":60297,"comment_status":"open","ping_status":"open","sticky":false,"template":"","format":"standard","meta":{"_crdt_document":"","footnotes":""},"categories":[1],"tags":[],"class_list":["post-60296","post","type-post","status-publish","format-standard","has-post-thumbnail","hentry","category-guncel"],"_links":{"self":[{"href":"https:\/\/www.egemtv.com\/index.php?rest_route=\/wp\/v2\/posts\/60296","targetHints":{"allow":["GET"]}}],"collection":[{"href":"https:\/\/www.egemtv.com\/index.php?rest_route=\/wp\/v2\/posts"}],"about":[{"href":"https:\/\/www.egemtv.com\/index.php?rest_route=\/wp\/v2\/types\/post"}],"author":[{"embeddable":true,"href":"https:\/\/www.egemtv.com\/index.php?rest_route=\/wp\/v2\/users\/1"}],"replies":[{"embeddable":true,"href":"https:\/\/www.egemtv.com\/index.php?rest_route=%2Fwp%2Fv2%2Fcomments&post=60296"}],"version-history":[{"count":1,"href":"https:\/\/www.egemtv.com\/index.php?rest_route=\/wp\/v2\/posts\/60296\/revisions"}],"predecessor-version":[{"id":60298,"href":"https:\/\/www.egemtv.com\/index.php?rest_route=\/wp\/v2\/posts\/60296\/revisions\/60298"}],"wp:featuredmedia":[{"embeddable":true,"href":"https:\/\/www.egemtv.com\/index.php?rest_route=\/wp\/v2\/media\/60297"}],"wp:attachment":[{"href":"https:\/\/www.egemtv.com\/index.php?rest_route=%2Fwp%2Fv2%2Fmedia&parent=60296"}],"wp:term":[{"taxonomy":"category","embeddable":true,"href":"https:\/\/www.egemtv.com\/index.php?rest_route=%2Fwp%2Fv2%2Fcategories&post=60296"},{"taxonomy":"post_tag","embeddable":true,"href":"https:\/\/www.egemtv.com\/index.php?rest_route=%2Fwp%2Fv2%2Ftags&post=60296"}],"curies":[{"name":"wp","href":"https:\/\/api.w.org\/{rel}","templated":true}]}}