{"id":60293,"date":"2025-10-09T11:54:54","date_gmt":"2025-10-09T08:54:54","guid":{"rendered":"https:\/\/www.egemtv.com\/?p=60293"},"modified":"2025-10-09T11:54:55","modified_gmt":"2025-10-09T08:54:55","slug":"bozdoganda-yol-kenarlari-hurda-araclardan-temizlendi","status":"publish","type":"post","link":"https:\/\/www.egemtv.com\/?p=60293","title":{"rendered":"Bozdo\u011fan\u2019da yol kenarlar\u0131 hurda ara\u00e7lardan temizlendi"},"content":{"rendered":"<p>Bozdo\u011fan Belediyesi, il\u00e7e genelinde g\u00f6r\u00fcnt\u00fc kirlili\u011fi olu\u015fturan hurda ara\u00e7lar\u0131n kald\u0131r\u0131lmas\u0131 i\u00e7in \u00e7al\u0131\u015fma ba\u015flatt\u0131.<\/p>\n<p>Zab\u0131ta M\u00fcd\u00fcrl\u00fc\u011f\u00fc ekiplerince y\u00fcr\u00fct\u00fclen \u00e7al\u0131\u015fmalarda, uzun s\u00fcredir yol kenarlar\u0131nda at\u0131l durumda bulunan ara\u00e7lar tespit edilerek sahipleriyle ileti\u015fime ge\u00e7ildi. Gerekli bilgilendirmelerin ard\u0131ndan hurda ara\u00e7lar bulunduklar\u0131 yerlerden kald\u0131r\u0131larak alanlarda temizlik \u00e7al\u0131\u015fmas\u0131 ger\u00e7ekle\u015ftirildi.<\/p>\n<p>Bozdo\u011fan Belediye yetkilileri hem \u00e7evre d\u00fczeni hem de trafik g\u00fcvenli\u011fi a\u00e7\u0131s\u0131ndan olumsuzluk olu\u015fturan bu ara\u00e7lar\u0131n kald\u0131r\u0131lmas\u0131yla il\u00e7enin daha temiz ve d\u00fczenli bir g\u00f6r\u00fcn\u00fcme kavu\u015ftu\u011funu belirtti.<br \/><\/p>\n","protected":false},"excerpt":{"rendered":"<p>Bozdo\u011fan Belediyesi, il\u00e7e genelinde g\u00f6r\u00fcnt\u00fc kirlili\u011fi olu\u015fturan hurda ara\u00e7lar\u0131n kald\u0131r\u0131lmas\u0131 i\u00e7in \u00e7al\u0131\u015fma ba\u015flatt\u0131. Zab\u0131ta M\u00fcd\u00fcrl\u00fc\u011f\u00fc ekiplerince y\u00fcr\u00fct\u00fclen \u00e7al\u0131\u015fmalarda, uzun s\u00fcredir yol kenarlar\u0131nda at\u0131l durumda bulunan ara\u00e7lar tespit edilerek sahipleriyle ileti\u015fime ge\u00e7ildi. Gerekli bilgilendirmelerin ard\u0131ndan hurda ara\u00e7lar bulunduklar\u0131 yerlerden kald\u0131r\u0131larak alanlarda temizlik \u00e7al\u0131\u015fmas\u0131 ger\u00e7ekle\u015ftirildi. Bozdo\u011fan Belediye yetkilileri hem \u00e7evre d\u00fczeni hem de trafik g\u00fcvenli\u011fi a\u00e7\u0131s\u0131ndan olumsuzluk&#8230;<\/p>\n","protected":false},"author":1,"featured_media":60294,"comment_status":"open","ping_status":"open","sticky":false,"template":"","format":"standard","meta":{"_crdt_document":"","footnotes":""},"categories":[1],"tags":[],"class_list":["post-60293","post","type-post","status-publish","format-standard","has-post-thumbnail","hentry","category-guncel"],"_links":{"self":[{"href":"https:\/\/www.egemtv.com\/index.php?rest_route=\/wp\/v2\/posts\/60293","targetHints":{"allow":["GET"]}}],"collection":[{"href":"https:\/\/www.egemtv.com\/index.php?rest_route=\/wp\/v2\/posts"}],"about":[{"href":"https:\/\/www.egemtv.com\/index.php?rest_route=\/wp\/v2\/types\/post"}],"author":[{"embeddable":true,"href":"https:\/\/www.egemtv.com\/index.php?rest_route=\/wp\/v2\/users\/1"}],"replies":[{"embeddable":true,"href":"https:\/\/www.egemtv.com\/index.php?rest_route=%2Fwp%2Fv2%2Fcomments&post=60293"}],"version-history":[{"count":1,"href":"https:\/\/www.egemtv.com\/index.php?rest_route=\/wp\/v2\/posts\/60293\/revisions"}],"predecessor-version":[{"id":60295,"href":"https:\/\/www.egemtv.com\/index.php?rest_route=\/wp\/v2\/posts\/60293\/revisions\/60295"}],"wp:featuredmedia":[{"embeddable":true,"href":"https:\/\/www.egemtv.com\/index.php?rest_route=\/wp\/v2\/media\/60294"}],"wp:attachment":[{"href":"https:\/\/www.egemtv.com\/index.php?rest_route=%2Fwp%2Fv2%2Fmedia&parent=60293"}],"wp:term":[{"taxonomy":"category","embeddable":true,"href":"https:\/\/www.egemtv.com\/index.php?rest_route=%2Fwp%2Fv2%2Fcategories&post=60293"},{"taxonomy":"post_tag","embeddable":true,"href":"https:\/\/www.egemtv.com\/index.php?rest_route=%2Fwp%2Fv2%2Ftags&post=60293"}],"curies":[{"name":"wp","href":"https:\/\/api.w.org\/{rel}","templated":true}]}}