{"id":60290,"date":"2025-10-09T11:54:53","date_gmt":"2025-10-09T08:54:53","guid":{"rendered":"https:\/\/www.egemtv.com\/?p=60290"},"modified":"2025-10-09T11:54:53","modified_gmt":"2025-10-09T08:54:53","slug":"cameli-belediyesi-bakanlik-denetiminden-basariyla-gecti","status":"publish","type":"post","link":"https:\/\/www.egemtv.com\/?p=60290","title":{"rendered":"\u00c7ameli Belediyesi bakanl\u0131k denetiminden ba\u015far\u0131yla ge\u00e7ti"},"content":{"rendered":"<p>\u00c7ameli Belediyesi\u2019ne \u0130\u00e7i\u015fleri Bakanl\u0131\u011f\u0131 taraf\u0131ndan yap\u0131lan denetimlerde herhangi bir olumsuzlu\u011fa rastlan\u0131lmad\u0131\u011f\u0131, yap\u0131lan hizmet ve \u00e7al\u0131\u015fmalar\u0131n usule uygun oldu\u011fu tespit edildi.<br \/>\n<br \/>\u00c7ameli Belediyesi idari i\u015flemler, hukuka uygunluk ve idarenin b\u00fct\u00fcnl\u00fc\u011f\u00fc a\u00e7\u0131s\u0131ndan \u0130\u00e7i\u015fleri Bakanl\u0131\u011f\u0131 taraf\u0131ndan denetlendi. \u00c7ameli Belediyesi yap\u0131lan denetim sonu\u00e7lar\u0131n\u0131 a\u00e7\u0131klad\u0131. Belediye yetkileri taraf\u0131ndan yap\u0131lan a\u00e7\u0131klamada, &#8220;Belediyemiz, son 5 y\u0131ll\u0131k hizmet d\u00f6nemi boyunca ger\u00e7ekle\u015ftirilen faaliyetler ve belediye \u00e7al\u0131\u015fmalar\u0131n\u0131n denetimi amac\u0131yla \u0130\u00e7i\u015fleri Bakanl\u0131\u011f\u0131 m\u00fcfetti\u015fi taraf\u0131ndan incelenmi\u015ftir. Denetim s\u00fcreci sonucunda, belediyemizde herhangi bir olumsuzlu\u011fa rastlanmam\u0131\u015f, yap\u0131lan t\u00fcm hizmet ve \u00e7al\u0131\u015fmalar\u0131n yerinde ve usul\u00fcne uygun oldu\u011fu tespit edilmi\u015ftir&#8221; ifadeleri kulan\u0131ld\u0131.<\/p>\n<p>Ayr\u0131ca \u00c7ameli Belediye Ba\u015fkan\u0131 Cengiz Arslan, g\u00f6sterdikleri gayretli ve \u00f6zverili \u00e7al\u0131\u015fmalar\u0131ndan dolay\u0131 belediye personeller ad\u0131na birim m\u00fcd\u00fcrlerime ba\u015far\u0131 belgesi verdi.<br \/><\/p>\n","protected":false},"excerpt":{"rendered":"<p>\u00c7ameli Belediyesi\u2019ne \u0130\u00e7i\u015fleri Bakanl\u0131\u011f\u0131 taraf\u0131ndan yap\u0131lan denetimlerde herhangi bir olumsuzlu\u011fa rastlan\u0131lmad\u0131\u011f\u0131, yap\u0131lan hizmet ve \u00e7al\u0131\u015fmalar\u0131n usule uygun oldu\u011fu tespit edildi. \u00c7ameli Belediyesi idari i\u015flemler, hukuka uygunluk ve idarenin b\u00fct\u00fcnl\u00fc\u011f\u00fc a\u00e7\u0131s\u0131ndan \u0130\u00e7i\u015fleri Bakanl\u0131\u011f\u0131 taraf\u0131ndan denetlendi. \u00c7ameli Belediyesi yap\u0131lan denetim sonu\u00e7lar\u0131n\u0131 a\u00e7\u0131klad\u0131. Belediye yetkileri taraf\u0131ndan yap\u0131lan a\u00e7\u0131klamada, &#8220;Belediyemiz, son 5 y\u0131ll\u0131k hizmet d\u00f6nemi boyunca ger\u00e7ekle\u015ftirilen faaliyetler ve&#8230;<\/p>\n","protected":false},"author":1,"featured_media":60291,"comment_status":"open","ping_status":"open","sticky":false,"template":"","format":"standard","meta":{"_crdt_document":"","footnotes":""},"categories":[127],"tags":[],"class_list":["post-60290","post","type-post","status-publish","format-standard","has-post-thumbnail","hentry","category-siyaset"],"_links":{"self":[{"href":"https:\/\/www.egemtv.com\/index.php?rest_route=\/wp\/v2\/posts\/60290","targetHints":{"allow":["GET"]}}],"collection":[{"href":"https:\/\/www.egemtv.com\/index.php?rest_route=\/wp\/v2\/posts"}],"about":[{"href":"https:\/\/www.egemtv.com\/index.php?rest_route=\/wp\/v2\/types\/post"}],"author":[{"embeddable":true,"href":"https:\/\/www.egemtv.com\/index.php?rest_route=\/wp\/v2\/users\/1"}],"replies":[{"embeddable":true,"href":"https:\/\/www.egemtv.com\/index.php?rest_route=%2Fwp%2Fv2%2Fcomments&post=60290"}],"version-history":[{"count":1,"href":"https:\/\/www.egemtv.com\/index.php?rest_route=\/wp\/v2\/posts\/60290\/revisions"}],"predecessor-version":[{"id":60292,"href":"https:\/\/www.egemtv.com\/index.php?rest_route=\/wp\/v2\/posts\/60290\/revisions\/60292"}],"wp:featuredmedia":[{"embeddable":true,"href":"https:\/\/www.egemtv.com\/index.php?rest_route=\/wp\/v2\/media\/60291"}],"wp:attachment":[{"href":"https:\/\/www.egemtv.com\/index.php?rest_route=%2Fwp%2Fv2%2Fmedia&parent=60290"}],"wp:term":[{"taxonomy":"category","embeddable":true,"href":"https:\/\/www.egemtv.com\/index.php?rest_route=%2Fwp%2Fv2%2Fcategories&post=60290"},{"taxonomy":"post_tag","embeddable":true,"href":"https:\/\/www.egemtv.com\/index.php?rest_route=%2Fwp%2Fv2%2Ftags&post=60290"}],"curies":[{"name":"wp","href":"https:\/\/api.w.org\/{rel}","templated":true}]}}