{"id":60287,"date":"2025-10-09T11:35:06","date_gmt":"2025-10-09T08:35:06","guid":{"rendered":"https:\/\/www.egemtv.com\/?p=60287"},"modified":"2025-10-09T11:35:07","modified_gmt":"2025-10-09T08:35:07","slug":"vatandaslara-kadina-siddetle-mucadele-anlatildi","status":"publish","type":"post","link":"https:\/\/www.egemtv.com\/?p=60287","title":{"rendered":"Vatanda\u015flara kad\u0131na \u015fiddetle m\u00fccadele anlat\u0131ld\u0131"},"content":{"rendered":"<p>Afyonkarahisar\u2019da jandarma ekipleri kad\u0131nlara \u015fiddetle m\u00fccadele konusunda bilgilendirme yapt\u0131.<br \/>\n<br \/>Bilgilendirme \u00e7al\u0131\u015fmas\u0131n\u0131n \u0130scehisar il\u00e7esinde ger\u00e7ekle\u015ftirildi\u011fi belirtildi. \u00c7al\u0131\u015fmayla ilgili Afyonkarahisar \u0130l Jandarma Komutanl\u0131\u011f\u0131ndan yap\u0131lan a\u00e7\u0131klamada, &#8220;\u0130scehisar il\u00e7esinde faaliyet g\u00f6steren i\u015fletmelerde \u00e7al\u0131\u015fan 45 vatanda\u015fa \u2018Kad\u0131na El Kal-ka-maz ve KADES Uygulamas\u0131\u2019 konusunda bilgilendirme faaliyeti icra edilmi\u015ftir.<br \/>\n<br \/>Ayr\u0131ca yine \u0130scehisar il\u00e7esinde bulunan okullarda e\u011fitim g\u00f6ren 63 \u00f6\u011frenci ziyaret edilerek, \u00e7e\u015fitli hediyeler takdim edilmi\u015ftir&#8221; ifadelerine yer verildi.<br \/><\/p>\n","protected":false},"excerpt":{"rendered":"<p>Afyonkarahisar\u2019da jandarma ekipleri kad\u0131nlara \u015fiddetle m\u00fccadele konusunda bilgilendirme yapt\u0131. Bilgilendirme \u00e7al\u0131\u015fmas\u0131n\u0131n \u0130scehisar il\u00e7esinde ger\u00e7ekle\u015ftirildi\u011fi belirtildi. \u00c7al\u0131\u015fmayla ilgili Afyonkarahisar \u0130l Jandarma Komutanl\u0131\u011f\u0131ndan yap\u0131lan a\u00e7\u0131klamada, &#8220;\u0130scehisar il\u00e7esinde faaliyet g\u00f6steren i\u015fletmelerde \u00e7al\u0131\u015fan 45 vatanda\u015fa \u2018Kad\u0131na El Kal-ka-maz ve KADES Uygulamas\u0131\u2019 konusunda bilgilendirme faaliyeti icra edilmi\u015ftir. Ayr\u0131ca yine \u0130scehisar il\u00e7esinde bulunan okullarda e\u011fitim g\u00f6ren 63 \u00f6\u011frenci ziyaret edilerek, \u00e7e\u015fitli&#8230;<\/p>\n","protected":false},"author":1,"featured_media":60288,"comment_status":"open","ping_status":"open","sticky":false,"template":"","format":"standard","meta":{"_crdt_document":"","footnotes":""},"categories":[5],"tags":[],"class_list":["post-60287","post","type-post","status-publish","format-standard","has-post-thumbnail","hentry","category-asayis"],"_links":{"self":[{"href":"https:\/\/www.egemtv.com\/index.php?rest_route=\/wp\/v2\/posts\/60287","targetHints":{"allow":["GET"]}}],"collection":[{"href":"https:\/\/www.egemtv.com\/index.php?rest_route=\/wp\/v2\/posts"}],"about":[{"href":"https:\/\/www.egemtv.com\/index.php?rest_route=\/wp\/v2\/types\/post"}],"author":[{"embeddable":true,"href":"https:\/\/www.egemtv.com\/index.php?rest_route=\/wp\/v2\/users\/1"}],"replies":[{"embeddable":true,"href":"https:\/\/www.egemtv.com\/index.php?rest_route=%2Fwp%2Fv2%2Fcomments&post=60287"}],"version-history":[{"count":1,"href":"https:\/\/www.egemtv.com\/index.php?rest_route=\/wp\/v2\/posts\/60287\/revisions"}],"predecessor-version":[{"id":60289,"href":"https:\/\/www.egemtv.com\/index.php?rest_route=\/wp\/v2\/posts\/60287\/revisions\/60289"}],"wp:featuredmedia":[{"embeddable":true,"href":"https:\/\/www.egemtv.com\/index.php?rest_route=\/wp\/v2\/media\/60288"}],"wp:attachment":[{"href":"https:\/\/www.egemtv.com\/index.php?rest_route=%2Fwp%2Fv2%2Fmedia&parent=60287"}],"wp:term":[{"taxonomy":"category","embeddable":true,"href":"https:\/\/www.egemtv.com\/index.php?rest_route=%2Fwp%2Fv2%2Fcategories&post=60287"},{"taxonomy":"post_tag","embeddable":true,"href":"https:\/\/www.egemtv.com\/index.php?rest_route=%2Fwp%2Fv2%2Ftags&post=60287"}],"curies":[{"name":"wp","href":"https:\/\/api.w.org\/{rel}","templated":true}]}}