{"id":60284,"date":"2025-10-09T11:35:05","date_gmt":"2025-10-09T08:35:05","guid":{"rendered":"https:\/\/www.egemtv.com\/?p=60284"},"modified":"2025-10-09T11:35:06","modified_gmt":"2025-10-09T08:35:06","slug":"meme-kanserini-erken-teshisle-yendi-simdi-diger-kadinlara-umut-oluyor","status":"publish","type":"post","link":"https:\/\/www.egemtv.com\/?p=60284","title":{"rendered":"Meme kanserini erken te\u015fhisle yendi, \u015fimdi di\u011fer kad\u0131nlara umut oluyor"},"content":{"rendered":"<p>Denizli\u2019de 1 y\u0131ld\u0131r meme kanseriyle m\u00fccadele eden 41 ya\u015f\u0131ndaki Ay\u015feg\u00fcl G\u00fcnbal, erken te\u015fhis sayesinde ba\u015far\u0131l\u0131 bir tedavi s\u00fcreci ge\u00e7iriyor. Erken tan\u0131n\u0131n \u00f6nemini di\u011fer kad\u0131nlara anlatmay\u0131 \u00f6dev edinen Ay\u015feg\u00fcl G\u00fcnbal, taramaya y\u00f6nlendirdi\u011fi 2 kad\u0131nda da meme kanserinin erken tan\u0131s\u0131n\u0131 sa\u011flad\u0131.<\/p>\n<p>Denizli\u2019de ya\u015fayan 41 ya\u015f\u0131ndaki Ay\u015feg\u00fcl G\u00fcnbal, g\u00f6\u011fs\u00fcndeki \u015fekil bozuklu\u011funu ilk olarak \u00f6nemsemedi. Daha sonra sonraki s\u00fcre\u00e7te i\u00e7inin rahat etmedi\u011fini belirten Ay\u015feg\u00fcl G\u00fcnbal, Pamukkale \u00dcniversitesi Hastanesine giderek tarama yapt\u0131rd\u0131. Yap\u0131lan taramalar neticesinde meme kanseri oldu\u011funu \u00f6\u011frenen Ay\u015feg\u00fcl G\u00fcnbal, \u00e7ok korktu\u011funu, ancak doktorlar\u0131n erken te\u015fhis ile meme kanseri tedavi edilebildi\u011fini ve s\u00fcrecin y\u00f6netilebilir oldu\u011funu s\u00f6yledi\u011fini ifade etti. 1 y\u0131ll\u0131k tedavi s\u00fcrecinin zorlu oldu\u011funu ancak sa\u011fl\u0131\u011f\u0131na kavu\u015ftu\u011funu ifade eden Ay\u015feg\u00fcl G\u00fcnbal, &#8220;Tedavi s\u00fcrecim boyunca bir\u00e7ok \u015fey \u00f6\u011frendim. En \u00f6nemlisi de \u015fu oldu: Erken tan\u0131 hayat kurtar\u0131yor. Ben bu hastal\u0131\u011f\u0131 ya\u015fad\u0131m ama ya\u015fad\u0131klar\u0131m\u0131n ba\u015fka kad\u0131nlar\u0131n da ba\u015f\u0131na gelmesini istemiyorum. Bu y\u00fczden \u00e7evremdeki kad\u0131nlara ya\u015fad\u0131\u011f\u0131m s\u00fcreci anlatmaya ba\u015flad\u0131m. Ba\u015fta k\u0131z karde\u015fim olmak \u00fczere pek \u00e7ok kad\u0131n\u0131 taramaya y\u00f6nlendirdim. Onlar\u0131n baz\u0131lar\u0131 da taramalar sonucu riskli durumlarla kar\u015f\u0131la\u015ft\u0131. \u0130ki arkada\u015f\u0131mda meme kanseri erken evrede tespit edildi ve hemen tedavilerine ba\u015fland\u0131. \u015eimdi onlar da ayn\u0131 benim gibi s\u00fcreci y\u00f6netiyorlar. Art\u0131k tek bir amac\u0131m var; Daha fazla kad\u0131n\u0131n erken tan\u0131 ile bu hastal\u0131\u011f\u0131 kolayl\u0131kla atlatabilmesini sa\u011flamak. Kad\u0131nlara \u00f6nerim, elle muayeneyi ihmal etmeyin. V\u00fccudunuzu tan\u0131y\u0131n. Her y\u0131l d\u00fczenli olarak tarama yapt\u0131r\u0131n. Kanserle m\u00fccadelede erken te\u015fhis ger\u00e7ekten hayat kurtar\u0131yor&#8221; dedi.<\/p>\n<p>&#8220;Ablam\u0131n sayesinde ben de bilin\u00e7lendim&#8221;<br \/>\n<br \/>Ablas\u0131 Ay\u015feg\u00fcl G\u00fcnbal sayesinde hastaneye ba\u015fvuran Nurg\u00fcl Da\u011f\u00fcst\u00fc, &#8220;A\u00e7\u0131k\u00e7as\u0131 ben de ablam sayesinde hastaneye geldim. Onun ya\u015fad\u0131\u011f\u0131 s\u00fcre\u00e7 beni \u00e7ok etkiledi. Kendi kendime d\u00fc\u015f\u00fcnd\u00fcm: \u2018Ben neden kontrole gitmiyorum?\u2019 Sonra Pamukkale \u00dcniversitesi Hastanesi\u2019ne ba\u015fvurdum, taramalar\u0131m\u0131 yapt\u0131rd\u0131m. \u00c7ok \u015f\u00fck\u00fcr herhangi bir olumsuzlu\u011fa rastlanmad\u0131 ama art\u0131k \u00e7ok daha dikkatliyim. \u00c7evremdeki kad\u0131nlara da s\u00fcrekli s\u00f6yl\u00fcyorum: Bu korkulacak bir s\u00fcre\u00e7 de\u011fil. Gidip tetkiklerinizi yapt\u0131r\u0131n ve muhtemel bir hastal\u0131k varsa erken te\u015fhisle \u00f6nlem al\u0131n. Ablam\u0131n sayesinde ben de bilin\u00e7lendim. Bu konuda daha dikkatliyim art\u0131k&#8221; ifadelerini kulland\u0131.<\/p>\n<p>&#8220;Erken tan\u0131 ile y\u00fcz g\u00fcld\u00fcren sonu\u00e7lar almak m\u00fcmk\u00fcn&#8221;<br \/>\n<br \/>T\u0131bbi Onkoloji Ana Bilim Dal\u0131 \u00d6\u011fretim \u00dcyesi Prof. Dr. Gamze G\u00f6k\u00f6z Do\u011fu hastan\u0131n tedavi s\u00fcreci ile ilgili \u015funlar\u0131 dile getirdi: &#8220;Meme kanseri hem d\u00fcnyada hem de \u00fclkemizde en s\u0131k kar\u015f\u0131la\u015f\u0131lan kanser t\u00fcrlerinden biri. Ancak sevindirici olan \u015fu ki, erken evrede tespit edilen vakalarda tedavi ba\u015far\u0131s\u0131 olduk\u00e7a y\u00fcksek. Ay\u015feg\u00fcl Han\u0131m da bize ba\u015fvurdu\u011funda hastal\u0131\u011f\u0131 erken evredeydi. Bu nedenle tedaviye hemen ba\u015flad\u0131k ve yakla\u015f\u0131k bir y\u0131ll\u0131k s\u00fcrecin sonunda \u00e7ok ba\u015far\u0131l\u0131 sonu\u00e7lar ald\u0131k. Bu s\u00fcre\u00e7te Ay\u015feg\u00fcl Han\u0131m\u2019\u0131n g\u00f6sterdi\u011fi sab\u0131r, kararl\u0131l\u0131k ve m\u00fccadele azmi ger\u00e7ekten \u00f6rnek al\u0131nacak d\u00fczeydeydi. Sadece kendi sa\u011fl\u0131\u011f\u0131 i\u00e7in de\u011fil, \u00e7evresindeki kad\u0131nlar i\u00e7in de ad\u0131m att\u0131. Tarama konusunda fark\u0131ndal\u0131k olu\u015fturdu. Onun y\u00f6nlendirmesiyle hastanemize gelen iki kad\u0131nda daha meme kanseri erken evrede te\u015fhis edildi ve tedavi s\u00fcre\u00e7leri ba\u015flat\u0131ld\u0131. Bu, erken te\u015fhisin ne kadar \u00f6nemli oldu\u011funu bizlere bir kez daha g\u00f6steriyor. Hastalar\u0131m\u0131za bu bilinci kazand\u0131rmak, kontrolleri aksatmamalar\u0131n\u0131 sa\u011flamak bizim i\u00e7in \u00e7ok \u00f6nemli. 10-20 y\u0131l boyunca takip etti\u011fimiz, sa\u011fl\u0131kl\u0131 bir ya\u015fam s\u00fcrd\u00fcren bir\u00e7ok hastam\u0131z var. Bu ba\u015far\u0131lar\u0131n temelinde ise d\u00fczenli tarama ve erken tan\u0131 yat\u0131yor. \u00d6zellikle 40 ya\u015f \u00fczeri kad\u0131nlar\u0131n y\u0131lda bir kez mamografi \u00e7ektirmelerini ve kendi kendine muayeneyi \u00f6\u011frenmelerini mutlaka \u00f6neriyoruz. Unutmay\u0131n; ge\u00e7 kal\u0131nm\u0131\u015f bir tan\u0131, bazen hayatlara mal olabilir. Ama erken tan\u0131 ile y\u00fcz g\u00fcld\u00fcren sonu\u00e7lar almak m\u00fcmk\u00fcn.&#8221;<br \/><\/p>\n","protected":false},"excerpt":{"rendered":"<p>Denizli\u2019de 1 y\u0131ld\u0131r meme kanseriyle m\u00fccadele eden 41 ya\u015f\u0131ndaki Ay\u015feg\u00fcl G\u00fcnbal, erken te\u015fhis sayesinde ba\u015far\u0131l\u0131 bir tedavi s\u00fcreci ge\u00e7iriyor. Erken tan\u0131n\u0131n \u00f6nemini di\u011fer kad\u0131nlara anlatmay\u0131 \u00f6dev edinen Ay\u015feg\u00fcl G\u00fcnbal, taramaya y\u00f6nlendirdi\u011fi 2 kad\u0131nda da meme kanserinin erken tan\u0131s\u0131n\u0131 sa\u011flad\u0131. Denizli\u2019de ya\u015fayan 41 ya\u015f\u0131ndaki Ay\u015feg\u00fcl G\u00fcnbal, g\u00f6\u011fs\u00fcndeki \u015fekil bozuklu\u011funu ilk olarak \u00f6nemsemedi. Daha sonra sonraki s\u00fcre\u00e7te&#8230;<\/p>\n","protected":false},"author":1,"featured_media":60285,"comment_status":"open","ping_status":"open","sticky":false,"template":"","format":"standard","meta":{"_crdt_document":"","footnotes":""},"categories":[2],"tags":[],"class_list":["post-60284","post","type-post","status-publish","format-standard","has-post-thumbnail","hentry","category-saglik"],"_links":{"self":[{"href":"https:\/\/www.egemtv.com\/index.php?rest_route=\/wp\/v2\/posts\/60284","targetHints":{"allow":["GET"]}}],"collection":[{"href":"https:\/\/www.egemtv.com\/index.php?rest_route=\/wp\/v2\/posts"}],"about":[{"href":"https:\/\/www.egemtv.com\/index.php?rest_route=\/wp\/v2\/types\/post"}],"author":[{"embeddable":true,"href":"https:\/\/www.egemtv.com\/index.php?rest_route=\/wp\/v2\/users\/1"}],"replies":[{"embeddable":true,"href":"https:\/\/www.egemtv.com\/index.php?rest_route=%2Fwp%2Fv2%2Fcomments&post=60284"}],"version-history":[{"count":1,"href":"https:\/\/www.egemtv.com\/index.php?rest_route=\/wp\/v2\/posts\/60284\/revisions"}],"predecessor-version":[{"id":60286,"href":"https:\/\/www.egemtv.com\/index.php?rest_route=\/wp\/v2\/posts\/60284\/revisions\/60286"}],"wp:featuredmedia":[{"embeddable":true,"href":"https:\/\/www.egemtv.com\/index.php?rest_route=\/wp\/v2\/media\/60285"}],"wp:attachment":[{"href":"https:\/\/www.egemtv.com\/index.php?rest_route=%2Fwp%2Fv2%2Fmedia&parent=60284"}],"wp:term":[{"taxonomy":"category","embeddable":true,"href":"https:\/\/www.egemtv.com\/index.php?rest_route=%2Fwp%2Fv2%2Fcategories&post=60284"},{"taxonomy":"post_tag","embeddable":true,"href":"https:\/\/www.egemtv.com\/index.php?rest_route=%2Fwp%2Fv2%2Ftags&post=60284"}],"curies":[{"name":"wp","href":"https:\/\/api.w.org\/{rel}","templated":true}]}}