{"id":60281,"date":"2025-10-09T11:35:04","date_gmt":"2025-10-09T08:35:04","guid":{"rendered":"https:\/\/www.egemtv.com\/?p=60281"},"modified":"2025-10-09T11:35:05","modified_gmt":"2025-10-09T08:35:05","slug":"muglada-bin-434-kisilik-iskur-genclik-programi-basvurulari-basladi","status":"publish","type":"post","link":"https:\/\/www.egemtv.com\/?p=60281","title":{"rendered":"Mu\u011fla\u2019da Bin 434 ki\u015filik \u2018\u0130\u015eKUR Gen\u00e7lik Program\u0131\u2019 ba\u015fvurular\u0131 ba\u015flad\u0131"},"content":{"rendered":"<p>\u00d6\u011frencilerin mesleki geli\u015fimlerini desteklemeyi, gelece\u011fe ilk ad\u0131mlar\u0131n\u0131 atmalar\u0131n\u0131 sa\u011flamay\u0131 ve i\u015f hayat\u0131na kat\u0131l\u0131mlar\u0131n\u0131 kolayla\u015ft\u0131rarak mesleki deneyim kazanmalar\u0131na yard\u0131mc\u0131 olmay\u0131 ama\u00e7layan \u2018\u0130\u015eKUR Gen\u00e7lik Program\u0131\u2019 ba\u015fvurular\u0131 Mu\u011fla\u2019da ba\u015flad\u0131. Gen\u00e7ler i\u00e7in hayata ge\u00e7irilen bu program kapsam\u0131nda, devlet \u00fcniversiteleri ile i\u015f birli\u011fi i\u00e7inde \u00f6\u011frenciler i\u015f g\u00fcc\u00fc piyasas\u0131yla tan\u0131\u015ft\u0131r\u0131lacak.<br \/>\n<br \/>Mu\u011fla\u2019da, \u0130\u015eKUR ve Mu\u011fla S\u0131tk\u0131 Ko\u00e7man \u00dcniversitesi i\u015f birli\u011fiyle toplam bin 434 Mu\u011fla S\u0131tk\u0131 Ko\u00e7man \u00dcniversitesi \u00f6\u011frencisi, s\u00fcrd\u00fcr\u00fclebilir kamp\u00fcs faaliyetlerinin yan\u0131 s\u0131ra kamp\u00fcs altyap\u0131 ve bak\u0131m \u00e7al\u0131\u015fmalar\u0131n\u0131n, sosyal ve k\u00fclt\u00fcrel etkinliklerin, akademik ve idari s\u00fcre\u00e7lerin, toplumsal hizmet ve i\u015f birli\u011fi \u00e7al\u0131\u015fmalar\u0131n\u0131n, \u00f6\u011frenci geli\u015fim ve uyum faaliyetlerinin, dijital d\u00f6n\u00fc\u015f\u00fcm ve inovasyon s\u00fcre\u00e7lerinin, giri\u015fimcilik ekosistemi faaliyetlerinin desteklenmesinde g\u00f6rev alacak.<br \/>\n<br \/>Programa; 18 ya\u015f\u0131n\u0131 doldurmu\u015f, T\u00fcrkiye Cumhuriyeti vatanda\u015f\u0131, \u0130\u015eKUR\u2019a kay\u0131tl\u0131, emekli olmayan, son bir ay i\u00e7inde uzun vadeli sigortaya tabi bir i\u015fte \u00e7al\u0131\u015fmam\u0131\u015f, i\u015fsizlik \u00f6dene\u011fi almayan ve Mu\u011fla S\u0131tk\u0131 Ko\u00e7man \u00dcniversitesi\u2019nin aktif \u00f6\u011frencisi olan ki\u015filer ba\u015fvurabilecek. Uzaktan e\u011fitim veya a\u00e7\u0131k \u00f6\u011fretim \u00f6\u011frencileri ise programa ba\u015fvuru yapamayacak.<br \/>\n<br \/>Programa kat\u0131lan \u00f6\u011frencilere, g\u00fcnl\u00fck net 1.083 TL, ayda 14 g\u00fcn kat\u0131l\u0131m halinde 15 bin 162 TL \u00f6deme yap\u0131lacak. Ayr\u0131ca, Genel Sa\u011fl\u0131k Sigortas\u0131, Meslek Hastal\u0131\u011f\u0131 ve \u0130\u015f Kazas\u0131 Sigorta Primleri de \u0130\u015eKUR taraf\u0131ndan kar\u015f\u0131lanacak.<br \/>\n<br \/>Ba\u015fvurular, 09-13 Ekim 2025 tarihleri aras\u0131nda e-Devlet, \u0130\u015eKUR e-\u015eube, Alo 170, Mu\u011fla \u00c7al\u0131\u015fma ve \u0130\u015f Kurumu \u0130l M\u00fcd\u00fcrl\u00fc\u011f\u00fc ve \u0130\u015eKUR Hizmet Merkezleri \u00fczerinden yap\u0131labilecek. Noter kuras\u0131 ise 17 Ekim 2025 Cuma g\u00fcn\u00fc saat 09.00\u2019da, Mu\u011fla S\u0131tk\u0131 Ko\u00e7man \u00dcniversitesi Atat\u00fcrk K\u00fclt\u00fcr Merkezi A Salonu\u2019nda ger\u00e7ekle\u015ftirilecek.<br \/>\n<br \/>Gen\u00e7lik Program\u0131 kapsam\u0131nda \u00f6\u011frenciler haftada en fazla 3 g\u00fcn ve 22,5 saat \u00e7al\u0131\u015facak.<br \/><\/p>\n","protected":false},"excerpt":{"rendered":"<p>\u00d6\u011frencilerin mesleki geli\u015fimlerini desteklemeyi, gelece\u011fe ilk ad\u0131mlar\u0131n\u0131 atmalar\u0131n\u0131 sa\u011flamay\u0131 ve i\u015f hayat\u0131na kat\u0131l\u0131mlar\u0131n\u0131 kolayla\u015ft\u0131rarak mesleki deneyim kazanmalar\u0131na yard\u0131mc\u0131 olmay\u0131 ama\u00e7layan \u2018\u0130\u015eKUR Gen\u00e7lik Program\u0131\u2019 ba\u015fvurular\u0131 Mu\u011fla\u2019da ba\u015flad\u0131. Gen\u00e7ler i\u00e7in hayata ge\u00e7irilen bu program kapsam\u0131nda, devlet \u00fcniversiteleri ile i\u015f birli\u011fi i\u00e7inde \u00f6\u011frenciler i\u015f g\u00fcc\u00fc piyasas\u0131yla tan\u0131\u015ft\u0131r\u0131lacak. Mu\u011fla\u2019da, \u0130\u015eKUR ve Mu\u011fla S\u0131tk\u0131 Ko\u00e7man \u00dcniversitesi i\u015f birli\u011fiyle toplam bin&#8230;<\/p>\n","protected":false},"author":1,"featured_media":60282,"comment_status":"open","ping_status":"open","sticky":false,"template":"","format":"standard","meta":{"_crdt_document":"","footnotes":""},"categories":[125],"tags":[],"class_list":["post-60281","post","type-post","status-publish","format-standard","has-post-thumbnail","hentry","category-ekonomi"],"_links":{"self":[{"href":"https:\/\/www.egemtv.com\/index.php?rest_route=\/wp\/v2\/posts\/60281","targetHints":{"allow":["GET"]}}],"collection":[{"href":"https:\/\/www.egemtv.com\/index.php?rest_route=\/wp\/v2\/posts"}],"about":[{"href":"https:\/\/www.egemtv.com\/index.php?rest_route=\/wp\/v2\/types\/post"}],"author":[{"embeddable":true,"href":"https:\/\/www.egemtv.com\/index.php?rest_route=\/wp\/v2\/users\/1"}],"replies":[{"embeddable":true,"href":"https:\/\/www.egemtv.com\/index.php?rest_route=%2Fwp%2Fv2%2Fcomments&post=60281"}],"version-history":[{"count":1,"href":"https:\/\/www.egemtv.com\/index.php?rest_route=\/wp\/v2\/posts\/60281\/revisions"}],"predecessor-version":[{"id":60283,"href":"https:\/\/www.egemtv.com\/index.php?rest_route=\/wp\/v2\/posts\/60281\/revisions\/60283"}],"wp:featuredmedia":[{"embeddable":true,"href":"https:\/\/www.egemtv.com\/index.php?rest_route=\/wp\/v2\/media\/60282"}],"wp:attachment":[{"href":"https:\/\/www.egemtv.com\/index.php?rest_route=%2Fwp%2Fv2%2Fmedia&parent=60281"}],"wp:term":[{"taxonomy":"category","embeddable":true,"href":"https:\/\/www.egemtv.com\/index.php?rest_route=%2Fwp%2Fv2%2Fcategories&post=60281"},{"taxonomy":"post_tag","embeddable":true,"href":"https:\/\/www.egemtv.com\/index.php?rest_route=%2Fwp%2Fv2%2Ftags&post=60281"}],"curies":[{"name":"wp","href":"https:\/\/api.w.org\/{rel}","templated":true}]}}