{"id":60275,"date":"2025-10-09T11:35:02","date_gmt":"2025-10-09T08:35:02","guid":{"rendered":"https:\/\/www.egemtv.com\/?p=60275"},"modified":"2025-10-09T11:35:03","modified_gmt":"2025-10-09T08:35:03","slug":"denizlide-kurakliga-karsi-alinacak-tedbirler-masaya-yatirildi","status":"publish","type":"post","link":"https:\/\/www.egemtv.com\/?p=60275","title":{"rendered":"Denizli\u2019de kurakl\u0131\u011fa kar\u015f\u0131 al\u0131nacak tedbirler masaya yat\u0131r\u0131ld\u0131"},"content":{"rendered":"<p>Tar\u0131m ve Orman Bakanl\u0131\u011f\u0131 taraf\u0131ndan uygulanmakta olan &#8220;Tar\u0131msal Kurakl\u0131kla M\u00fccadele Stratejisi ve Eylem Plan\u0131&#8221; \u00e7er\u00e7evesinde son y\u0131llardaki iklim de\u011fi\u015fikliklerinin etkisiyle artan kurakl\u0131k tehlikesinin meteorolojik veriler \u0131\u015f\u0131\u011f\u0131nda de\u011ferlendirilmesine y\u00f6nelik &#8220;Tar\u0131msal Kurakl\u0131k \u0130l Kriz Merkezi&#8221; toplant\u0131s\u0131 Denizli\u2019de d\u00fczenlendi.<\/p>\n<p>Tar\u0131msal Kurakl\u0131kla M\u00fccadele Stratejisi ve Eylem Plan\u0131 \u00e7er\u00e7evesinde,  Tar\u0131msal Kurakl\u0131k \u0130l Kriz Merkezi Komisyonu Denizli Vali Yard\u0131mc\u0131s\u0131 Abdullah Kad\u0131o\u011flu ba\u015fkanl\u0131\u011f\u0131nda valilik toplant\u0131 salonunda bir araya geldi.<br \/>\n<br \/>Toplant\u0131ya Denizli \u0130l Tar\u0131m ve Orman M\u00fcd\u00fcr\u00fc Mustafa Nevzat Zayim, il\u00e7e kaymakamlar\u0131, belediye ba\u015fkanlar\u0131, kamu kurumlar\u0131 temsilcileri, sulama i\u00e7me suyu ve \u00fcretici birlikleri, kooperatif ba\u015fkanlar\u0131 ile di\u011fer sivil toplum kurulu\u015fu temsilcileri kat\u0131ld\u0131.<\/p>\n<p>Vali Yard\u0131mc\u0131s\u0131 Abdullah Kad\u0131o\u011flu, t; &#8220;Tar\u0131msal kurakl\u0131k eylem plan\u0131 \u00e7er\u00e7evesinde ger\u00e7ekle\u015ftirilen Kurakl\u0131k \u0130l Kriz Merkezi toplant\u0131s\u0131n\u0131 d\u00fczenlemek i\u00e7in toplan\u0131ld\u0131\u011f\u0131n\u0131, son y\u0131llarda iklim de\u011fi\u015fikli\u011fi ile ilgili ya\u011f\u0131\u015f rejiminin seyrine ba\u011fl\u0131 olarak t\u00fcm d\u00fcnya ve \u00fclkemizin kurakl\u0131k tehdidi ile kar\u015f\u0131 kar\u015f\u0131ya oldu\u011funu, \u0130limiz olarak bu komisyon marifetiyle konunun de\u011ferlendirilece\u011fini, ya\u011f\u0131\u015fl\u0131 bir sezon olmas\u0131n\u0131 temenni etti\u011fini, al\u0131nmas\u0131 gerekli tedbirlerin s\u00f6z konusu oldu\u011funu, yap\u0131lacak toplant\u0131da al\u0131nacak Tavsiye Kararlar\u0131 do\u011frultusunda \u00e7al\u0131\u015fmalar\u0131n devam edece\u011fini ve al\u0131nan Tavsiye Kararlar\u0131n\u0131n uygulanmas\u0131 i\u00e7in t\u00fcm payda\u015flar taraf\u0131ndan hassasiyet g\u00f6sterilmesi gerekti\u011fini belirtti.<\/p>\n<p>Denizli Vali Yard\u0131mc\u0131s\u0131 Abdullah Kad\u0131o\u011flu ba\u015fkanl\u0131\u011f\u0131nda s\u0131ras\u0131yla Tar\u0131m ve Orman \u0130l M\u00fcd\u00fcrl\u00fc\u011f\u00fc, TARS\u0130M Denizli B\u00f6lge M\u00fcd\u00fcrl\u00fc\u011f\u00fc, Denizli Meteoroloji M\u00fcd\u00fcrl\u00fc\u011f\u00fc ile DS\u0130 21. B\u00f6lge M\u00fcd\u00fcrl\u00fc\u011f\u00fcnce Denizli\u2019nin tar\u0131msal verileri, kurakl\u0131kla m\u00fccadele de yap\u0131lan \u00e7al\u0131\u015fmalar, meteorolojik veriler ve su kaynaklar\u0131n\u0131n potansiyeli ile ilgili sunumlar yap\u0131ld\u0131.<\/p>\n<p>Toplant\u0131da, tar\u0131msal kurakl\u0131kla m\u00fccadele stratejisi ve eylem plan\u0131 \u00e7er\u00e7evesinde; \u0130klim de\u011fi\u015fikli\u011finin olu\u015fturabilece\u011fi olumsuz durumlara kar\u015f\u0131 al\u0131nabilecek ve kurakl\u0131\u011f\u0131n d\u00fczeyini en aza indirgeyecek tedbirleri belirlemek \u00fczere kararlar al\u0131narak 2023-2027 kurakl\u0131k eylem plan\u0131na y\u00f6nelik \u00e7al\u0131\u015fmalar\u0131n aktar\u0131lmas\u0131 ve ileriye d\u00f6n\u00fck yap\u0131lmas\u0131 gerekli i\u015flemlerle ilgili tavsiye kararlar\u0131n\u0131n al\u0131nmas\u0131yla son buldu.<br \/><\/p>\n","protected":false},"excerpt":{"rendered":"<p>Tar\u0131m ve Orman Bakanl\u0131\u011f\u0131 taraf\u0131ndan uygulanmakta olan &#8220;Tar\u0131msal Kurakl\u0131kla M\u00fccadele Stratejisi ve Eylem Plan\u0131&#8221; \u00e7er\u00e7evesinde son y\u0131llardaki iklim de\u011fi\u015fikliklerinin etkisiyle artan kurakl\u0131k tehlikesinin meteorolojik veriler \u0131\u015f\u0131\u011f\u0131nda de\u011ferlendirilmesine y\u00f6nelik &#8220;Tar\u0131msal Kurakl\u0131k \u0130l Kriz Merkezi&#8221; toplant\u0131s\u0131 Denizli\u2019de d\u00fczenlendi. Tar\u0131msal Kurakl\u0131kla M\u00fccadele Stratejisi ve Eylem Plan\u0131 \u00e7er\u00e7evesinde, Tar\u0131msal Kurakl\u0131k \u0130l Kriz Merkezi Komisyonu Denizli Vali Yard\u0131mc\u0131s\u0131 Abdullah Kad\u0131o\u011flu&#8230;<\/p>\n","protected":false},"author":1,"featured_media":60276,"comment_status":"open","ping_status":"open","sticky":false,"template":"","format":"standard","meta":{"_crdt_document":"","footnotes":""},"categories":[125],"tags":[],"class_list":["post-60275","post","type-post","status-publish","format-standard","has-post-thumbnail","hentry","category-ekonomi"],"_links":{"self":[{"href":"https:\/\/www.egemtv.com\/index.php?rest_route=\/wp\/v2\/posts\/60275","targetHints":{"allow":["GET"]}}],"collection":[{"href":"https:\/\/www.egemtv.com\/index.php?rest_route=\/wp\/v2\/posts"}],"about":[{"href":"https:\/\/www.egemtv.com\/index.php?rest_route=\/wp\/v2\/types\/post"}],"author":[{"embeddable":true,"href":"https:\/\/www.egemtv.com\/index.php?rest_route=\/wp\/v2\/users\/1"}],"replies":[{"embeddable":true,"href":"https:\/\/www.egemtv.com\/index.php?rest_route=%2Fwp%2Fv2%2Fcomments&post=60275"}],"version-history":[{"count":1,"href":"https:\/\/www.egemtv.com\/index.php?rest_route=\/wp\/v2\/posts\/60275\/revisions"}],"predecessor-version":[{"id":60277,"href":"https:\/\/www.egemtv.com\/index.php?rest_route=\/wp\/v2\/posts\/60275\/revisions\/60277"}],"wp:featuredmedia":[{"embeddable":true,"href":"https:\/\/www.egemtv.com\/index.php?rest_route=\/wp\/v2\/media\/60276"}],"wp:attachment":[{"href":"https:\/\/www.egemtv.com\/index.php?rest_route=%2Fwp%2Fv2%2Fmedia&parent=60275"}],"wp:term":[{"taxonomy":"category","embeddable":true,"href":"https:\/\/www.egemtv.com\/index.php?rest_route=%2Fwp%2Fv2%2Fcategories&post=60275"},{"taxonomy":"post_tag","embeddable":true,"href":"https:\/\/www.egemtv.com\/index.php?rest_route=%2Fwp%2Fv2%2Ftags&post=60275"}],"curies":[{"name":"wp","href":"https:\/\/api.w.org\/{rel}","templated":true}]}}