{"id":60272,"date":"2025-10-09T11:14:52","date_gmt":"2025-10-09T08:14:52","guid":{"rendered":"https:\/\/www.egemtv.com\/?p=60272"},"modified":"2025-10-09T11:14:54","modified_gmt":"2025-10-09T08:14:54","slug":"mentesede-sap-asisi-kampanyasi-hiz-kesmiyor","status":"publish","type":"post","link":"https:\/\/www.egemtv.com\/?p=60272","title":{"rendered":"Mente\u015fe\u2019de \u015fap a\u015f\u0131s\u0131 kampanyas\u0131 h\u0131z kesmiyor"},"content":{"rendered":"<p>Mente\u015fe \u0130l\u00e7e Tar\u0131m ve Orman M\u00fcd\u00fcrl\u00fc\u011f\u00fc, b\u00f6lgedeki b\u00fcy\u00fckba\u015f ve k\u00fc\u00e7\u00fckba\u015f hayvanlar\u0131n korunmas\u0131 amac\u0131yla y\u00fcr\u00fctt\u00fc\u011f\u00fc \u015eap A\u015f\u0131lama Kampanyas\u0131\u2019na h\u0131zla devam ediyor.<\/p>\n<p>Vir\u00fcs\u00fcn yay\u0131lmas\u0131n\u0131 engellemek ve hayvan sa\u011fl\u0131\u011f\u0131n\u0131 g\u00fcvence alt\u0131na almak i\u00e7in ekipler sahada yo\u011fun bir \u00e7al\u0131\u015fma y\u00fcr\u00fct\u00fcrken, t\u00fcm yeti\u015ftiricilerin a\u015f\u0131lamaya ek olarak almas\u0131 gereken biyog\u00fcvenlik \u00f6nlemleri bir kez daha hat\u0131rlat\u0131ld\u0131.<\/p>\n<p>M\u00fcd\u00fcrl\u00fck yetkilileri, a\u015f\u0131n\u0131n hastal\u0131\u011fa kar\u015f\u0131 en g\u00fc\u00e7l\u00fc kalkan oldu\u011funu belirterek, Mente\u015fe\u2019deki t\u00fcm hayvan sahiplerini, kendilerine bildirilen takvime kesinlikle uymaya davet etti.<\/p>\n<p>Mente\u015fe \u0130l\u00e7e Tar\u0131m ve Orman M\u00fcd\u00fcrl\u00fc\u011f\u00fc, a\u015f\u0131laman\u0131n ba\u015far\u0131l\u0131 olmas\u0131 ve hastal\u0131\u011f\u0131n il\u00e7ede kal\u0131c\u0131 olarak kontrol alt\u0131na al\u0131nabilmesi i\u00e7in yeti\u015ftiricilerin bu \u00f6nlemleri tavizsiz uygulamas\u0131n\u0131n hayati \u00f6nem ta\u015f\u0131d\u0131\u011f\u0131n\u0131 bir kez daha hat\u0131rlatt\u0131.<br \/><\/p>\n","protected":false},"excerpt":{"rendered":"<p>Mente\u015fe \u0130l\u00e7e Tar\u0131m ve Orman M\u00fcd\u00fcrl\u00fc\u011f\u00fc, b\u00f6lgedeki b\u00fcy\u00fckba\u015f ve k\u00fc\u00e7\u00fckba\u015f hayvanlar\u0131n korunmas\u0131 amac\u0131yla y\u00fcr\u00fctt\u00fc\u011f\u00fc \u015eap A\u015f\u0131lama Kampanyas\u0131\u2019na h\u0131zla devam ediyor. Vir\u00fcs\u00fcn yay\u0131lmas\u0131n\u0131 engellemek ve hayvan sa\u011fl\u0131\u011f\u0131n\u0131 g\u00fcvence alt\u0131na almak i\u00e7in ekipler sahada yo\u011fun bir \u00e7al\u0131\u015fma y\u00fcr\u00fct\u00fcrken, t\u00fcm yeti\u015ftiricilerin a\u015f\u0131lamaya ek olarak almas\u0131 gereken biyog\u00fcvenlik \u00f6nlemleri bir kez daha hat\u0131rlat\u0131ld\u0131. M\u00fcd\u00fcrl\u00fck yetkilileri, a\u015f\u0131n\u0131n hastal\u0131\u011fa kar\u015f\u0131 en&#8230;<\/p>\n","protected":false},"author":1,"featured_media":60273,"comment_status":"open","ping_status":"open","sticky":false,"template":"","format":"standard","meta":{"_crdt_document":"","footnotes":""},"categories":[1],"tags":[],"class_list":["post-60272","post","type-post","status-publish","format-standard","has-post-thumbnail","hentry","category-guncel"],"_links":{"self":[{"href":"https:\/\/www.egemtv.com\/index.php?rest_route=\/wp\/v2\/posts\/60272","targetHints":{"allow":["GET"]}}],"collection":[{"href":"https:\/\/www.egemtv.com\/index.php?rest_route=\/wp\/v2\/posts"}],"about":[{"href":"https:\/\/www.egemtv.com\/index.php?rest_route=\/wp\/v2\/types\/post"}],"author":[{"embeddable":true,"href":"https:\/\/www.egemtv.com\/index.php?rest_route=\/wp\/v2\/users\/1"}],"replies":[{"embeddable":true,"href":"https:\/\/www.egemtv.com\/index.php?rest_route=%2Fwp%2Fv2%2Fcomments&post=60272"}],"version-history":[{"count":1,"href":"https:\/\/www.egemtv.com\/index.php?rest_route=\/wp\/v2\/posts\/60272\/revisions"}],"predecessor-version":[{"id":60274,"href":"https:\/\/www.egemtv.com\/index.php?rest_route=\/wp\/v2\/posts\/60272\/revisions\/60274"}],"wp:featuredmedia":[{"embeddable":true,"href":"https:\/\/www.egemtv.com\/index.php?rest_route=\/wp\/v2\/media\/60273"}],"wp:attachment":[{"href":"https:\/\/www.egemtv.com\/index.php?rest_route=%2Fwp%2Fv2%2Fmedia&parent=60272"}],"wp:term":[{"taxonomy":"category","embeddable":true,"href":"https:\/\/www.egemtv.com\/index.php?rest_route=%2Fwp%2Fv2%2Fcategories&post=60272"},{"taxonomy":"post_tag","embeddable":true,"href":"https:\/\/www.egemtv.com\/index.php?rest_route=%2Fwp%2Fv2%2Ftags&post=60272"}],"curies":[{"name":"wp","href":"https:\/\/api.w.org\/{rel}","templated":true}]}}