{"id":60269,"date":"2025-10-09T10:55:05","date_gmt":"2025-10-09T07:55:05","guid":{"rendered":"https:\/\/www.egemtv.com\/?p=60269"},"modified":"2025-10-09T10:55:06","modified_gmt":"2025-10-09T07:55:06","slug":"baskan-ercandan-sabah-sporuna-katilan-kadinlara-surpriz-hediye","status":"publish","type":"post","link":"https:\/\/www.egemtv.com\/?p=60269","title":{"rendered":"Ba\u015fkan Ercan\u2019dan sabah sporuna kat\u0131lan kad\u0131nlara s\u00fcrpriz hediye"},"content":{"rendered":"<p>Yenipazar Belediye Ba\u015fkan\u0131 Malik Ercan, sabah sporuna kat\u0131lan kad\u0131nlar\u0131 ziyaret ederek hem hediye s\u00fcrprizi yapt\u0131 hem de hafta sonu gezileri i\u00e7in ula\u015f\u0131m deste\u011fi sa\u011flad\u0131.<\/p>\n<p>Yenipazar Belediye Ba\u015fkan\u0131 Malik Ercan, Sa\u011fl\u0131kl\u0131 Ya\u015fam Merkezi\u2019nde sabah sporuna kat\u0131lan kad\u0131nlar\u0131 ziyaret etti. Ziyareti s\u0131ras\u0131nda kad\u0131nlarla sohbet eden Ba\u015fkan Ercan, belediye taraf\u0131ndan yapt\u0131r\u0131lan spor \u00e7antalar\u0131n\u0131 hediye ederek kat\u0131l\u0131mc\u0131lar\u0131n motivasyonunu art\u0131rd\u0131. Ayr\u0131ca, hafta sonu d\u00fczenleyecekleri gezi i\u00e7in talep edilen otob\u00fcs\u00fcn belediye taraf\u0131ndan tahsis edildi\u011fini belirterek, kad\u0131nlara ula\u015f\u0131m deste\u011fi sa\u011flanaca\u011f\u0131n\u0131 ifade etti. Ba\u015fkan Ercan, yapt\u0131\u011f\u0131 a\u00e7\u0131klamada Yenipazarl\u0131 t\u00fcm \u00e7ocuk, gen\u00e7 ve kad\u0131nlar\u0131 Sa\u011fl\u0131kl\u0131 Ya\u015fam Merkezi\u2019ne davet ederek, &#8220;Yenipazar Belediyesi Sa\u011fl\u0131kl\u0131 Ya\u015fam Merkezimize sabah sporuna gelen kad\u0131n vatanda\u015flar\u0131m\u0131z\u0131 ziyaret ederek kendilerine Belediyemizce yapt\u0131rd\u0131\u011f\u0131m\u0131z spor \u00e7antalardan hediye ettim. Hafta sonu i\u00e7in bizden talep ettikleri otob\u00fcs\u00fc de kendilerine tahsis ederek yapacaklar\u0131 geziye ula\u015f\u0131m deste\u011fi sa\u011flayaca\u011f\u0131z. Yenipazarl\u0131 t\u00fcm \u00e7ocuk, gen\u00e7 ve kad\u0131n vatanda\u015flar\u0131m\u0131z\u0131 Sa\u011fl\u0131kl\u0131 Ya\u015fam Merkezine davet ediyor, sa\u011fl\u0131kl\u0131 ve sporlu g\u00fcnler diliyorum&#8221; dedi.<br \/><\/p>\n","protected":false},"excerpt":{"rendered":"<p>Yenipazar Belediye Ba\u015fkan\u0131 Malik Ercan, sabah sporuna kat\u0131lan kad\u0131nlar\u0131 ziyaret ederek hem hediye s\u00fcrprizi yapt\u0131 hem de hafta sonu gezileri i\u00e7in ula\u015f\u0131m deste\u011fi sa\u011flad\u0131. Yenipazar Belediye Ba\u015fkan\u0131 Malik Ercan, Sa\u011fl\u0131kl\u0131 Ya\u015fam Merkezi\u2019nde sabah sporuna kat\u0131lan kad\u0131nlar\u0131 ziyaret etti. Ziyareti s\u0131ras\u0131nda kad\u0131nlarla sohbet eden Ba\u015fkan Ercan, belediye taraf\u0131ndan yapt\u0131r\u0131lan spor \u00e7antalar\u0131n\u0131 hediye ederek kat\u0131l\u0131mc\u0131lar\u0131n motivasyonunu art\u0131rd\u0131&#8230;.<\/p>\n","protected":false},"author":1,"featured_media":60270,"comment_status":"open","ping_status":"open","sticky":false,"template":"","format":"standard","meta":{"_crdt_document":"","footnotes":""},"categories":[1],"tags":[],"class_list":["post-60269","post","type-post","status-publish","format-standard","has-post-thumbnail","hentry","category-guncel"],"_links":{"self":[{"href":"https:\/\/www.egemtv.com\/index.php?rest_route=\/wp\/v2\/posts\/60269","targetHints":{"allow":["GET"]}}],"collection":[{"href":"https:\/\/www.egemtv.com\/index.php?rest_route=\/wp\/v2\/posts"}],"about":[{"href":"https:\/\/www.egemtv.com\/index.php?rest_route=\/wp\/v2\/types\/post"}],"author":[{"embeddable":true,"href":"https:\/\/www.egemtv.com\/index.php?rest_route=\/wp\/v2\/users\/1"}],"replies":[{"embeddable":true,"href":"https:\/\/www.egemtv.com\/index.php?rest_route=%2Fwp%2Fv2%2Fcomments&post=60269"}],"version-history":[{"count":1,"href":"https:\/\/www.egemtv.com\/index.php?rest_route=\/wp\/v2\/posts\/60269\/revisions"}],"predecessor-version":[{"id":60271,"href":"https:\/\/www.egemtv.com\/index.php?rest_route=\/wp\/v2\/posts\/60269\/revisions\/60271"}],"wp:featuredmedia":[{"embeddable":true,"href":"https:\/\/www.egemtv.com\/index.php?rest_route=\/wp\/v2\/media\/60270"}],"wp:attachment":[{"href":"https:\/\/www.egemtv.com\/index.php?rest_route=%2Fwp%2Fv2%2Fmedia&parent=60269"}],"wp:term":[{"taxonomy":"category","embeddable":true,"href":"https:\/\/www.egemtv.com\/index.php?rest_route=%2Fwp%2Fv2%2Fcategories&post=60269"},{"taxonomy":"post_tag","embeddable":true,"href":"https:\/\/www.egemtv.com\/index.php?rest_route=%2Fwp%2Fv2%2Ftags&post=60269"}],"curies":[{"name":"wp","href":"https:\/\/api.w.org\/{rel}","templated":true}]}}