{"id":60266,"date":"2025-10-09T10:55:03","date_gmt":"2025-10-09T07:55:03","guid":{"rendered":"https:\/\/www.egemtv.com\/?p=60266"},"modified":"2025-10-09T10:55:04","modified_gmt":"2025-10-09T07:55:04","slug":"ahilik-kulturu-mentesede-yasatildi","status":"publish","type":"post","link":"https:\/\/www.egemtv.com\/?p=60266","title":{"rendered":"Ahilik k\u00fclt\u00fcr\u00fc Mente\u015fe\u2019de ya\u015fat\u0131ld\u0131"},"content":{"rendered":"<p>&#8220;Ahilik K\u00fclt\u00fcr\u00fc, Gelece\u011fe I\u015f\u0131k Tutuyor&#8221; temas\u0131yla kutlanan Ahilik Haftas\u0131 kapsam\u0131nda, Mente\u015fe\u2019de kadim Ahilik gelene\u011fi bir kez daha co\u015fkuyla ya\u015fat\u0131ld\u0131.<\/p>\n<p>Mente\u015fe Mesleki E\u011fitim Merkezi\u2019nde d\u00fczenlenen \u00f6zel program, Ahili\u011fin d\u00fcr\u00fcstl\u00fck, emek ve karde\u015flik ilkelerini gen\u00e7 nesillere aktarmada k\u00f6pr\u00fc g\u00f6revi g\u00f6rd\u00fc.<\/p>\n<p>Sayg\u0131 duru\u015fu ve \u0130stiklal Mar\u015f\u0131\u2019n\u0131n okunmas\u0131yla ba\u015flayan programda, \u00f6\u011frenciler hep birlikte Ahilik Yemini etti. \u00d6\u011frenciler, bu k\u00f6kl\u00fc k\u00fclt\u00fcr\u00fcn de\u011ferlerini meslek hayatlar\u0131nda ve g\u00fcnl\u00fck ya\u015famlar\u0131nda ya\u015fatma s\u00f6z\u00fc vererek ba\u011fl\u0131l\u0131klar\u0131n\u0131 g\u00f6sterdi.<\/p>\n<p>Ahilik de\u011ferleri \u00fcretimle bulu\u015ftu<br \/>\n<br \/>Program\u0131n sonunda, Mente\u015fe Mesleki E\u011fitim Merkezi \u00f6\u011frencileri, ald\u0131klar\u0131 e\u011fitimi Ahilik felsefesiyle birle\u015ftirerek bir g\u00f6steri sundu. \u00d6\u011frenciler, kendi meslek alanlar\u0131 do\u011frultusunda uygulamal\u0131 etkinlikler ger\u00e7ekle\u015ftirerek, Ahilik de\u011ferlerinin sadece s\u00f6zde kalmay\u0131p, \u00fcretimle ve al\u0131n teriyle hayat buldu\u011funu g\u00f6zler \u00f6n\u00fcne serdi.<br \/><\/p>\n","protected":false},"excerpt":{"rendered":"<p>&#8220;Ahilik K\u00fclt\u00fcr\u00fc, Gelece\u011fe I\u015f\u0131k Tutuyor&#8221; temas\u0131yla kutlanan Ahilik Haftas\u0131 kapsam\u0131nda, Mente\u015fe\u2019de kadim Ahilik gelene\u011fi bir kez daha co\u015fkuyla ya\u015fat\u0131ld\u0131. Mente\u015fe Mesleki E\u011fitim Merkezi\u2019nde d\u00fczenlenen \u00f6zel program, Ahili\u011fin d\u00fcr\u00fcstl\u00fck, emek ve karde\u015flik ilkelerini gen\u00e7 nesillere aktarmada k\u00f6pr\u00fc g\u00f6revi g\u00f6rd\u00fc. Sayg\u0131 duru\u015fu ve \u0130stiklal Mar\u015f\u0131\u2019n\u0131n okunmas\u0131yla ba\u015flayan programda, \u00f6\u011frenciler hep birlikte Ahilik Yemini etti. \u00d6\u011frenciler, bu k\u00f6kl\u00fc&#8230;<\/p>\n","protected":false},"author":1,"featured_media":60267,"comment_status":"open","ping_status":"open","sticky":false,"template":"","format":"standard","meta":{"_crdt_document":"","footnotes":""},"categories":[1],"tags":[],"class_list":["post-60266","post","type-post","status-publish","format-standard","has-post-thumbnail","hentry","category-guncel"],"_links":{"self":[{"href":"https:\/\/www.egemtv.com\/index.php?rest_route=\/wp\/v2\/posts\/60266","targetHints":{"allow":["GET"]}}],"collection":[{"href":"https:\/\/www.egemtv.com\/index.php?rest_route=\/wp\/v2\/posts"}],"about":[{"href":"https:\/\/www.egemtv.com\/index.php?rest_route=\/wp\/v2\/types\/post"}],"author":[{"embeddable":true,"href":"https:\/\/www.egemtv.com\/index.php?rest_route=\/wp\/v2\/users\/1"}],"replies":[{"embeddable":true,"href":"https:\/\/www.egemtv.com\/index.php?rest_route=%2Fwp%2Fv2%2Fcomments&post=60266"}],"version-history":[{"count":1,"href":"https:\/\/www.egemtv.com\/index.php?rest_route=\/wp\/v2\/posts\/60266\/revisions"}],"predecessor-version":[{"id":60268,"href":"https:\/\/www.egemtv.com\/index.php?rest_route=\/wp\/v2\/posts\/60266\/revisions\/60268"}],"wp:featuredmedia":[{"embeddable":true,"href":"https:\/\/www.egemtv.com\/index.php?rest_route=\/wp\/v2\/media\/60267"}],"wp:attachment":[{"href":"https:\/\/www.egemtv.com\/index.php?rest_route=%2Fwp%2Fv2%2Fmedia&parent=60266"}],"wp:term":[{"taxonomy":"category","embeddable":true,"href":"https:\/\/www.egemtv.com\/index.php?rest_route=%2Fwp%2Fv2%2Fcategories&post=60266"},{"taxonomy":"post_tag","embeddable":true,"href":"https:\/\/www.egemtv.com\/index.php?rest_route=%2Fwp%2Fv2%2Ftags&post=60266"}],"curies":[{"name":"wp","href":"https:\/\/api.w.org\/{rel}","templated":true}]}}