{"id":60263,"date":"2025-10-09T10:55:02","date_gmt":"2025-10-09T07:55:02","guid":{"rendered":"https:\/\/www.egemtv.com\/?p=60263"},"modified":"2025-10-09T10:55:03","modified_gmt":"2025-10-09T07:55:03","slug":"koycegizden-kanocu-yildirim-milli-takim-kampina-davet-edildi","status":"publish","type":"post","link":"https:\/\/www.egemtv.com\/?p=60263","title":{"rendered":"K\u00f6yce\u011fiz\u2019den kanocu Y\u0131ld\u0131r\u0131m, Milli Tak\u0131m Kamp\u0131na davet edildi"},"content":{"rendered":"<p>Mu\u011fla\u2019n\u0131n K\u00f6yce\u011fiz il\u00e7esinden kano sporcusu Poyraz Y\u0131ld\u0131r\u0131m Milli Tak\u0131m Geli\u015fim Kamp\u0131na davet edildi.<\/p>\n<p>2025 y\u0131l\u0131 i\u00e7erisinde ger\u00e7ekle\u015ftirilen Durgunsu Kano yar\u0131\u015f sonu\u00e7lar\u0131na g\u00f6re, 12 Ekim-1 Kas\u0131m 2025 tarihleri aras\u0131nda K\u00f6yce\u011fiz\u2019de yap\u0131lacak olan Aday Milli Tak\u0131m Geli\u015fim Kamp\u0131 kadrosu belirlendi. Yap\u0131lan de\u011ferlendirmeler neticesinde; K\u00f6yce\u011fiz Sporcu E\u011fitim Merkezi sporcusu Poyraz Y\u0131ld\u0131r\u0131m, Milli Tak\u0131m Geli\u015fim Kamp\u0131na davet edildi. Mu\u011fla Gen\u00e7lik ve Spor \u0130l M\u00fcd\u00fcrl\u00fc\u011f\u00fc sosyal medya hesab\u0131ndan yap\u0131lan a\u00e7\u0131klamada; &#8220;Bu ba\u015far\u0131 hem sporcumuzun \u00f6zverili \u00e7al\u0131\u015fmas\u0131n\u0131n hem de antren\u00f6rlerimizin sistemli eme\u011finin bir g\u00f6stergesidir. Mu\u011fla\u2019n\u0131n su sporlar\u0131 alan\u0131ndaki y\u00fckseli\u015fine katk\u0131 sa\u011flayan t\u00fcm sporcular\u0131m\u0131z\u0131 ve emek veren antren\u00f6rlerimizi tebrik ediyor, Poyraz Y\u0131ld\u0131r\u0131m\u2019a milli tak\u0131m kamp\u0131nda \u00fcst\u00fcn ba\u015far\u0131lar diliyoruz&#8221; ifadeleri kullan\u0131ld\u0131.<br \/><\/p>\n","protected":false},"excerpt":{"rendered":"<p>Mu\u011fla\u2019n\u0131n K\u00f6yce\u011fiz il\u00e7esinden kano sporcusu Poyraz Y\u0131ld\u0131r\u0131m Milli Tak\u0131m Geli\u015fim Kamp\u0131na davet edildi. 2025 y\u0131l\u0131 i\u00e7erisinde ger\u00e7ekle\u015ftirilen Durgunsu Kano yar\u0131\u015f sonu\u00e7lar\u0131na g\u00f6re, 12 Ekim-1 Kas\u0131m 2025 tarihleri aras\u0131nda K\u00f6yce\u011fiz\u2019de yap\u0131lacak olan Aday Milli Tak\u0131m Geli\u015fim Kamp\u0131 kadrosu belirlendi. Yap\u0131lan de\u011ferlendirmeler neticesinde; K\u00f6yce\u011fiz Sporcu E\u011fitim Merkezi sporcusu Poyraz Y\u0131ld\u0131r\u0131m, Milli Tak\u0131m Geli\u015fim Kamp\u0131na davet edildi. Mu\u011fla&#8230;<\/p>\n","protected":false},"author":1,"featured_media":60264,"comment_status":"open","ping_status":"open","sticky":false,"template":"","format":"standard","meta":{"_crdt_document":"","footnotes":""},"categories":[4],"tags":[],"class_list":["post-60263","post","type-post","status-publish","format-standard","has-post-thumbnail","hentry","category-spor"],"_links":{"self":[{"href":"https:\/\/www.egemtv.com\/index.php?rest_route=\/wp\/v2\/posts\/60263","targetHints":{"allow":["GET"]}}],"collection":[{"href":"https:\/\/www.egemtv.com\/index.php?rest_route=\/wp\/v2\/posts"}],"about":[{"href":"https:\/\/www.egemtv.com\/index.php?rest_route=\/wp\/v2\/types\/post"}],"author":[{"embeddable":true,"href":"https:\/\/www.egemtv.com\/index.php?rest_route=\/wp\/v2\/users\/1"}],"replies":[{"embeddable":true,"href":"https:\/\/www.egemtv.com\/index.php?rest_route=%2Fwp%2Fv2%2Fcomments&post=60263"}],"version-history":[{"count":1,"href":"https:\/\/www.egemtv.com\/index.php?rest_route=\/wp\/v2\/posts\/60263\/revisions"}],"predecessor-version":[{"id":60265,"href":"https:\/\/www.egemtv.com\/index.php?rest_route=\/wp\/v2\/posts\/60263\/revisions\/60265"}],"wp:featuredmedia":[{"embeddable":true,"href":"https:\/\/www.egemtv.com\/index.php?rest_route=\/wp\/v2\/media\/60264"}],"wp:attachment":[{"href":"https:\/\/www.egemtv.com\/index.php?rest_route=%2Fwp%2Fv2%2Fmedia&parent=60263"}],"wp:term":[{"taxonomy":"category","embeddable":true,"href":"https:\/\/www.egemtv.com\/index.php?rest_route=%2Fwp%2Fv2%2Fcategories&post=60263"},{"taxonomy":"post_tag","embeddable":true,"href":"https:\/\/www.egemtv.com\/index.php?rest_route=%2Fwp%2Fv2%2Ftags&post=60263"}],"curies":[{"name":"wp","href":"https:\/\/api.w.org\/{rel}","templated":true}]}}