{"id":60260,"date":"2025-10-09T10:55:01","date_gmt":"2025-10-09T07:55:01","guid":{"rendered":"https:\/\/www.egemtv.com\/?p=60260"},"modified":"2025-10-09T10:55:02","modified_gmt":"2025-10-09T07:55:02","slug":"kutahya-ogretmenevinin-yapimi-tamamlandi","status":"publish","type":"post","link":"https:\/\/www.egemtv.com\/?p=60260","title":{"rendered":"K\u00fctahya \u00d6\u011fretmenevi\u2019nin yap\u0131m\u0131 tamamland\u0131"},"content":{"rendered":"<p>K\u00fctahya Valisi Musa I\u015f\u0131n, yap\u0131m\u0131 tamamlanan K\u00fctahya \u00d6\u011fretmenevi binas\u0131nda incelemelerde bulundu.<br \/>\n<br \/>\u0130lgili kurum yetkililerinin haz\u0131r bulundu\u011fu ziyarette Vali Musa I\u015f\u0131n, yeni \u00f6\u011fretmenevinin b\u00f6l\u00fcmlerini, sosyal alanlar\u0131n\u0131, yemekhanesini ve konaklama birimlerini gezdi. Ayr\u0131ca, yap\u0131lan \u00e7al\u0131\u015fmalar hakk\u0131nda ilgililerden detayl\u0131ca bilgi ald\u0131. Vali I\u015f\u0131n, modern tasar\u0131m\u0131 ve donan\u0131m\u0131yla \u00f6\u011fretmenlerin sosyal ve k\u00fclt\u00fcrel ihtiya\u00e7lar\u0131na cevap verecek \u015fekilde in\u015fa edilen yeni \u00f6\u011fretmenevinin K\u00fctahya\u2019ya hay\u0131rl\u0131 olmas\u0131n\u0131 dileyerek eme\u011fi ge\u00e7enlere te\u015fekk\u00fcr etti.<br \/><\/p>\n","protected":false},"excerpt":{"rendered":"<p>K\u00fctahya Valisi Musa I\u015f\u0131n, yap\u0131m\u0131 tamamlanan K\u00fctahya \u00d6\u011fretmenevi binas\u0131nda incelemelerde bulundu. \u0130lgili kurum yetkililerinin haz\u0131r bulundu\u011fu ziyarette Vali Musa I\u015f\u0131n, yeni \u00f6\u011fretmenevinin b\u00f6l\u00fcmlerini, sosyal alanlar\u0131n\u0131, yemekhanesini ve konaklama birimlerini gezdi. Ayr\u0131ca, yap\u0131lan \u00e7al\u0131\u015fmalar hakk\u0131nda ilgililerden detayl\u0131ca bilgi ald\u0131. Vali I\u015f\u0131n, modern tasar\u0131m\u0131 ve donan\u0131m\u0131yla \u00f6\u011fretmenlerin sosyal ve k\u00fclt\u00fcrel ihtiya\u00e7lar\u0131na cevap verecek \u015fekilde in\u015fa edilen yeni&#8230;<\/p>\n","protected":false},"author":1,"featured_media":60261,"comment_status":"open","ping_status":"open","sticky":false,"template":"","format":"standard","meta":{"_crdt_document":"","footnotes":""},"categories":[125],"tags":[],"class_list":["post-60260","post","type-post","status-publish","format-standard","has-post-thumbnail","hentry","category-ekonomi"],"_links":{"self":[{"href":"https:\/\/www.egemtv.com\/index.php?rest_route=\/wp\/v2\/posts\/60260","targetHints":{"allow":["GET"]}}],"collection":[{"href":"https:\/\/www.egemtv.com\/index.php?rest_route=\/wp\/v2\/posts"}],"about":[{"href":"https:\/\/www.egemtv.com\/index.php?rest_route=\/wp\/v2\/types\/post"}],"author":[{"embeddable":true,"href":"https:\/\/www.egemtv.com\/index.php?rest_route=\/wp\/v2\/users\/1"}],"replies":[{"embeddable":true,"href":"https:\/\/www.egemtv.com\/index.php?rest_route=%2Fwp%2Fv2%2Fcomments&post=60260"}],"version-history":[{"count":1,"href":"https:\/\/www.egemtv.com\/index.php?rest_route=\/wp\/v2\/posts\/60260\/revisions"}],"predecessor-version":[{"id":60262,"href":"https:\/\/www.egemtv.com\/index.php?rest_route=\/wp\/v2\/posts\/60260\/revisions\/60262"}],"wp:featuredmedia":[{"embeddable":true,"href":"https:\/\/www.egemtv.com\/index.php?rest_route=\/wp\/v2\/media\/60261"}],"wp:attachment":[{"href":"https:\/\/www.egemtv.com\/index.php?rest_route=%2Fwp%2Fv2%2Fmedia&parent=60260"}],"wp:term":[{"taxonomy":"category","embeddable":true,"href":"https:\/\/www.egemtv.com\/index.php?rest_route=%2Fwp%2Fv2%2Fcategories&post=60260"},{"taxonomy":"post_tag","embeddable":true,"href":"https:\/\/www.egemtv.com\/index.php?rest_route=%2Fwp%2Fv2%2Ftags&post=60260"}],"curies":[{"name":"wp","href":"https:\/\/api.w.org\/{rel}","templated":true}]}}