{"id":60257,"date":"2025-10-09T10:55:00","date_gmt":"2025-10-09T07:55:00","guid":{"rendered":"https:\/\/www.egemtv.com\/?p=60257"},"modified":"2025-10-09T10:55:01","modified_gmt":"2025-10-09T07:55:01","slug":"vali-isin-karayolu-trafik-guvenligi-toplantisina-katildi","status":"publish","type":"post","link":"https:\/\/www.egemtv.com\/?p=60257","title":{"rendered":"Vali I\u015f\u0131n, \u2019Karayolu Trafik G\u00fcvenli\u011fi\u2019 toplant\u0131s\u0131na kat\u0131ld\u0131"},"content":{"rendered":"<p>K\u00fctahya Valisi Musa I\u015f\u0131n, \u0130\u00e7i\u015fleri Bakan\u0131 Ali Yerlikaya ile Ula\u015ft\u0131rma ve Altyap\u0131 Bakan\u0131 Abdulkadir Uralo\u011flu ba\u015fkanl\u0131\u011f\u0131nda Video Konferans Sistemi (VKS) ile ger\u00e7ekle\u015ftirilen \u2019Karayolu Trafik G\u00fcvenli\u011fi\u2019 konulu toplant\u0131ya il protokol\u00fc e\u015fli\u011finde kat\u0131l\u0131m sa\u011flad\u0131.<br \/>\n<br \/>Toplant\u0131da, \u2019Karayolu Trafik G\u00fcvenli\u011fi Strateji Belgesi ve Karayolu Trafik G\u00fcvenli\u011fi Eylem Plan\u0131\u2019 ile \u2019Karayollar\u0131ndaki H\u0131z S\u0131n\u0131rlama Uygulamalar\u0131nda Yeknesakl\u0131k\u2019 konulu Cumhurba\u015fkanl\u0131\u011f\u0131 Genelgeleri \u00e7er\u00e7evesinde y\u00fcr\u00fct\u00fclen \u00e7al\u0131\u015fmalar de\u011ferlendirildi. \u00dclke genelinde trafik g\u00fcvenli\u011finin art\u0131r\u0131lmas\u0131, h\u0131z limitlerinin standartla\u015ft\u0131r\u0131lmas\u0131, kazalar\u0131n azalt\u0131lmas\u0131 ve karayollar\u0131nda g\u00fcvenli ula\u015f\u0131m\u0131n sa\u011flanmas\u0131na y\u00f6nelik stratejiler \u00fczerinde durulurken, illerde y\u00fcr\u00fct\u00fclen uygulamalar\u0131n etkinli\u011finin art\u0131r\u0131lmas\u0131 ve kurumlar aras\u0131 koordinasyonun g\u00fc\u00e7lendirilmesi hususlar\u0131 ele al\u0131nd\u0131. K\u00fctahya\u2019daki mevcut trafik g\u00fcvenli\u011fi \u00e7al\u0131\u015fmalar\u0131, denetim faaliyetleri ve karayolu d\u00fczenlemeleri hakk\u0131nda da bilgi payla\u015f\u0131m\u0131n\u0131n yap\u0131ld\u0131\u011f\u0131 toplant\u0131da, trafik kazalar\u0131n\u0131n en aza indirilmesi ve can kay\u0131plar\u0131n\u0131n \u00f6nlenmesi amac\u0131yla y\u00fcr\u00fct\u00fclen faaliyetlerin kararl\u0131l\u0131kla s\u00fcrd\u00fcr\u00fclece\u011fi vurguland\u0131.<br \/><\/p>\n","protected":false},"excerpt":{"rendered":"<p>K\u00fctahya Valisi Musa I\u015f\u0131n, \u0130\u00e7i\u015fleri Bakan\u0131 Ali Yerlikaya ile Ula\u015ft\u0131rma ve Altyap\u0131 Bakan\u0131 Abdulkadir Uralo\u011flu ba\u015fkanl\u0131\u011f\u0131nda Video Konferans Sistemi (VKS) ile ger\u00e7ekle\u015ftirilen \u2019Karayolu Trafik G\u00fcvenli\u011fi\u2019 konulu toplant\u0131ya il protokol\u00fc e\u015fli\u011finde kat\u0131l\u0131m sa\u011flad\u0131. Toplant\u0131da, \u2019Karayolu Trafik G\u00fcvenli\u011fi Strateji Belgesi ve Karayolu Trafik G\u00fcvenli\u011fi Eylem Plan\u0131\u2019 ile \u2019Karayollar\u0131ndaki H\u0131z S\u0131n\u0131rlama Uygulamalar\u0131nda Yeknesakl\u0131k\u2019 konulu Cumhurba\u015fkanl\u0131\u011f\u0131 Genelgeleri \u00e7er\u00e7evesinde y\u00fcr\u00fct\u00fclen&#8230;<\/p>\n","protected":false},"author":1,"featured_media":60258,"comment_status":"open","ping_status":"open","sticky":false,"template":"","format":"standard","meta":{"_crdt_document":"","footnotes":""},"categories":[123],"tags":[],"class_list":["post-60257","post","type-post","status-publish","format-standard","has-post-thumbnail","hentry","category-gundem"],"_links":{"self":[{"href":"https:\/\/www.egemtv.com\/index.php?rest_route=\/wp\/v2\/posts\/60257","targetHints":{"allow":["GET"]}}],"collection":[{"href":"https:\/\/www.egemtv.com\/index.php?rest_route=\/wp\/v2\/posts"}],"about":[{"href":"https:\/\/www.egemtv.com\/index.php?rest_route=\/wp\/v2\/types\/post"}],"author":[{"embeddable":true,"href":"https:\/\/www.egemtv.com\/index.php?rest_route=\/wp\/v2\/users\/1"}],"replies":[{"embeddable":true,"href":"https:\/\/www.egemtv.com\/index.php?rest_route=%2Fwp%2Fv2%2Fcomments&post=60257"}],"version-history":[{"count":1,"href":"https:\/\/www.egemtv.com\/index.php?rest_route=\/wp\/v2\/posts\/60257\/revisions"}],"predecessor-version":[{"id":60259,"href":"https:\/\/www.egemtv.com\/index.php?rest_route=\/wp\/v2\/posts\/60257\/revisions\/60259"}],"wp:featuredmedia":[{"embeddable":true,"href":"https:\/\/www.egemtv.com\/index.php?rest_route=\/wp\/v2\/media\/60258"}],"wp:attachment":[{"href":"https:\/\/www.egemtv.com\/index.php?rest_route=%2Fwp%2Fv2%2Fmedia&parent=60257"}],"wp:term":[{"taxonomy":"category","embeddable":true,"href":"https:\/\/www.egemtv.com\/index.php?rest_route=%2Fwp%2Fv2%2Fcategories&post=60257"},{"taxonomy":"post_tag","embeddable":true,"href":"https:\/\/www.egemtv.com\/index.php?rest_route=%2Fwp%2Fv2%2Ftags&post=60257"}],"curies":[{"name":"wp","href":"https:\/\/api.w.org\/{rel}","templated":true}]}}