{"id":60254,"date":"2025-10-09T10:55:00","date_gmt":"2025-10-09T07:55:00","guid":{"rendered":"https:\/\/www.egemtv.com\/?p=60254"},"modified":"2025-10-09T10:55:00","modified_gmt":"2025-10-09T07:55:00","slug":"ogrenciler-filistin-icin-boyadi","status":"publish","type":"post","link":"https:\/\/www.egemtv.com\/?p=60254","title":{"rendered":"\u00d6\u011frenciler Filistin i\u00e7in boyad\u0131"},"content":{"rendered":"<p>K\u00fctahya\u2019n\u0131n Tav\u015fanl\u0131 il\u00e7esinde \u00f6\u011frenciler Filistin i\u00e7in boyama yapt\u0131.<br \/>\n<br \/>Hande G\u00fcl Anaokulu\u2019nda \u00f6\u011frenciler taraf\u0131ndan ger\u00e7ekle\u015ftirilen Filistin fark\u0131ndal\u0131k etkinlikleri kapsam\u0131nda, bar\u0131\u015f\u0131n ve karde\u015fli\u011fin \u00f6nemini vurgulamak amac\u0131yla anlaml\u0131 \u00e7al\u0131\u015fmalar yap\u0131ld\u0131. Bu \u00e7al\u0131\u015fmalar kapsam\u0131nda minik \u00f6\u011frenciler \u00f6nce Filistin bayra\u011f\u0131n\u0131 sulu boya ile renklendirdiler. Ard\u0131ndan haz\u0131rlanan &#8220;Bar\u0131\u015f Panosu&#8221;na kalplerini yerle\u015ftirerek sevgilerini ve desteklerini Filistinli \u00e7ocuklarla payla\u015ft\u0131lar. G\u00fcn\u00fcn sonunda ise \u00fczerinde &#8220;Bar\u0131\u015f, Umut, Arkada\u015fl\u0131k ve Sevgi&#8221; yaz\u0131l\u0131 balonlar\u0131n\u0131 g\u00f6ky\u00fcz\u00fcne b\u0131rakarak bar\u0131\u015f dolu bir d\u00fcnya dile\u011finde bulundular.<br \/><\/p>\n","protected":false},"excerpt":{"rendered":"<p>K\u00fctahya\u2019n\u0131n Tav\u015fanl\u0131 il\u00e7esinde \u00f6\u011frenciler Filistin i\u00e7in boyama yapt\u0131. Hande G\u00fcl Anaokulu\u2019nda \u00f6\u011frenciler taraf\u0131ndan ger\u00e7ekle\u015ftirilen Filistin fark\u0131ndal\u0131k etkinlikleri kapsam\u0131nda, bar\u0131\u015f\u0131n ve karde\u015fli\u011fin \u00f6nemini vurgulamak amac\u0131yla anlaml\u0131 \u00e7al\u0131\u015fmalar yap\u0131ld\u0131. Bu \u00e7al\u0131\u015fmalar kapsam\u0131nda minik \u00f6\u011frenciler \u00f6nce Filistin bayra\u011f\u0131n\u0131 sulu boya ile renklendirdiler. Ard\u0131ndan haz\u0131rlanan &#8220;Bar\u0131\u015f Panosu&#8221;na kalplerini yerle\u015ftirerek sevgilerini ve desteklerini Filistinli \u00e7ocuklarla payla\u015ft\u0131lar. G\u00fcn\u00fcn sonunda ise \u00fczerinde&#8230;<\/p>\n","protected":false},"author":1,"featured_media":60255,"comment_status":"open","ping_status":"open","sticky":false,"template":"","format":"standard","meta":{"_crdt_document":"","footnotes":""},"categories":[1],"tags":[],"class_list":["post-60254","post","type-post","status-publish","format-standard","has-post-thumbnail","hentry","category-guncel"],"_links":{"self":[{"href":"https:\/\/www.egemtv.com\/index.php?rest_route=\/wp\/v2\/posts\/60254","targetHints":{"allow":["GET"]}}],"collection":[{"href":"https:\/\/www.egemtv.com\/index.php?rest_route=\/wp\/v2\/posts"}],"about":[{"href":"https:\/\/www.egemtv.com\/index.php?rest_route=\/wp\/v2\/types\/post"}],"author":[{"embeddable":true,"href":"https:\/\/www.egemtv.com\/index.php?rest_route=\/wp\/v2\/users\/1"}],"replies":[{"embeddable":true,"href":"https:\/\/www.egemtv.com\/index.php?rest_route=%2Fwp%2Fv2%2Fcomments&post=60254"}],"version-history":[{"count":1,"href":"https:\/\/www.egemtv.com\/index.php?rest_route=\/wp\/v2\/posts\/60254\/revisions"}],"predecessor-version":[{"id":60256,"href":"https:\/\/www.egemtv.com\/index.php?rest_route=\/wp\/v2\/posts\/60254\/revisions\/60256"}],"wp:featuredmedia":[{"embeddable":true,"href":"https:\/\/www.egemtv.com\/index.php?rest_route=\/wp\/v2\/media\/60255"}],"wp:attachment":[{"href":"https:\/\/www.egemtv.com\/index.php?rest_route=%2Fwp%2Fv2%2Fmedia&parent=60254"}],"wp:term":[{"taxonomy":"category","embeddable":true,"href":"https:\/\/www.egemtv.com\/index.php?rest_route=%2Fwp%2Fv2%2Fcategories&post=60254"},{"taxonomy":"post_tag","embeddable":true,"href":"https:\/\/www.egemtv.com\/index.php?rest_route=%2Fwp%2Fv2%2Ftags&post=60254"}],"curies":[{"name":"wp","href":"https:\/\/api.w.org\/{rel}","templated":true}]}}