{"id":60248,"date":"2025-10-09T10:34:52","date_gmt":"2025-10-09T07:34:52","guid":{"rendered":"https:\/\/www.egemtv.com\/?p=60248"},"modified":"2025-10-09T10:34:53","modified_gmt":"2025-10-09T07:34:53","slug":"ege-universitesi-uluslararasi-arenada-basarili-konumunu-surduruyor","status":"publish","type":"post","link":"https:\/\/www.egemtv.com\/?p=60248","title":{"rendered":"Ege \u00dcniversitesi uluslararas\u0131 arenada ba\u015far\u0131l\u0131 konumunu s\u00fcrd\u00fcr\u00fcyor"},"content":{"rendered":"<p>Akademik derecelendirme alan\u0131nda k\u00fcresel bir sayg\u0131nl\u0131\u011fa sahip olan Times Higher Education (THE), 2026 y\u0131l\u0131 i\u00e7in haz\u0131rlad\u0131\u011f\u0131 &#8220;D\u00fcnya \u00dcniversite S\u0131ralamas\u0131&#8221; (World University Rankings) sonu\u00e7lar\u0131na g\u00f6re, Ege \u00dcniversitesi ge\u00e7en y\u0131l oldu\u011fu gibi bu y\u0131lda 1201-1500 olan D\u00fcnya S\u0131ralamas\u0131n\u0131 korumay\u0131 ba\u015fard\u0131. T\u00fcrkiye devlet \u00fcniversiteleri aras\u0131nda 13\u2019\u00fcnc\u00fc s\u0131rada yer ald\u0131.<br \/>\n<br \/>Ege \u00dcniversitesi Rekt\u00f6r\u00fc Prof. Dr. Necdet Budak, &#8220;Uluslararas\u0131 derecelendirme kurulu\u015fu Times Higher Education taraf\u0131ndan yap\u0131lan s\u0131ralamada, tam akredite, \u00f6\u011frenci odakl\u0131, sa\u011fl\u0131k temal\u0131 ara\u015ft\u0131rma \u00fcniversitemiz, de\u011ferlendirilen \u00fcniversite say\u0131s\u0131ndaki art\u0131\u015fa ra\u011fmen k\u00fcresel d\u00fczeydeki konumunu korudu. Ba\u015far\u0131lar\u0131m\u0131z\u0131 daha ileri noktalara ta\u015f\u0131mak,  uluslararas\u0131 platformda hak etti\u011fimiz seviyelere \u00e7\u0131kmak, \u2018T\u00fcrkiye Y\u00fczy\u0131l\u0131\u2019n\u0131 T\u00fcrk bilim y\u00fczy\u0131l\u0131 yapmak  i\u00e7in \u00e7al\u0131\u015fmalar\u0131m\u0131za aral\u0131ks\u0131z devam edece\u011fiz. Bu ba\u015far\u0131ya katk\u0131 sa\u011flayan t\u00fcm mensuplar\u0131m\u0131za te\u015fekk\u00fcr ediyorum&#8221; dedi.<br \/>\n<br \/>Times Higher Education\u2019\u0131n (THE) e\u011fitim, ara\u015ft\u0131rma ortam\u0131, ara\u015ft\u0131rma kalitesi, uluslararas\u0131 g\u00f6r\u00fcn\u00fcrl\u00fck ve end\u00fcstri geliri alan\u0131ndaki nitelikleri g\u00f6z \u00f6n\u00fcne al\u0131narak haz\u0131rlanan listede, Ege \u00dcniversitesi d\u00fcnya \u00fcniversiteleri aras\u0131ndaki ba\u015far\u0131s\u0131n\u0131 s\u00fcrd\u00fcrd\u00fc. Ege \u00dcniversitesi ge\u00e7en y\u0131l oldu\u011fu gibi bu y\u0131lda 1201-1500 olan D\u00fcnya S\u0131ralamas\u0131n\u0131 korumay\u0131 ba\u015fard\u0131. T\u00fcrkiye devlet \u00fcniversiteleri aras\u0131nda 13\u2019\u00fcnc\u00fc s\u0131rada yer ald\u0131.<br \/>\n<br \/>Ege \u00dcniversitesi Teaching (E\u011fitim) kategorisinde D\u00fcnya s\u0131ralamas\u0131nda 668\u2019inci s\u0131radan 522\u2019nci s\u0131raya y\u00fckselmeyi ba\u015fard\u0131. Ayr\u0131ca bu alandaki puan\u0131n\u0131 31,3\u2019ten 35\u2019e y\u00fckseltti. T\u00fcrkiye devlet \u00fcniversiteleri aras\u0131nda ise 6\u2019nc\u0131 s\u0131rada olmay\u0131 ba\u015fard\u0131. Ege \u00dcniversitesi Ara\u015ft\u0131rma Kalitesi ve Uluslararas\u0131 G\u00f6r\u00fcn\u00fcm kategorisindeki puanlar\u0131n\u0131 artt\u0131rmay\u0131 ba\u015fard\u0131. Genel puanda ise 25,2-30,6 band\u0131ndaki skorunu 27,3-32.0\u2019a y\u00fckseltti.<br \/>\n<br \/>THE D\u00fcnya \u00dcniversite S\u0131ralamas\u0131, ara\u015ft\u0131rma odakl\u0131 \u00fcniversiteleri t\u00fcm temel misyonlar\u0131; e\u011fitim, ara\u015ft\u0131rma, bilgi aktar\u0131m\u0131 ve uluslararas\u0131 g\u00f6r\u00fcn\u00fcm a\u00e7\u0131s\u0131ndan de\u011ferlendiren k\u00fcresel bir performans g\u00f6stergesi olarak biliyor. \u00d6\u011frenciler, akademisyenler, \u00fcniversite y\u00f6netimleri, i\u015f d\u00fcnyas\u0131 ve h\u00fck\u00fcmetler taraf\u0131ndan itibar edilen en kapsaml\u0131 analizlerden biri olarak kabul ediliyor. Performans g\u00f6stergeleri e\u011fitim (e\u011fitim ve \u00f6\u011frenme ortam\u0131), ara\u015ft\u0131rma (hacim, gelir ve itibar), at\u0131flar (ara\u015ft\u0131rma etkisi), uluslararas\u0131 g\u00f6r\u00fcn\u00fcm (personel, \u00f6\u011frenciler ve ara\u015ft\u0131rma d\u00fczeyi) ve end\u00fcstri geliri olmak \u00fczere be\u015f farkl\u0131 alanda grupland\u0131r\u0131l\u0131yor.<br \/><\/p>\n","protected":false},"excerpt":{"rendered":"<p>Akademik derecelendirme alan\u0131nda k\u00fcresel bir sayg\u0131nl\u0131\u011fa sahip olan Times Higher Education (THE), 2026 y\u0131l\u0131 i\u00e7in haz\u0131rlad\u0131\u011f\u0131 &#8220;D\u00fcnya \u00dcniversite S\u0131ralamas\u0131&#8221; (World University Rankings) sonu\u00e7lar\u0131na g\u00f6re, Ege \u00dcniversitesi ge\u00e7en y\u0131l oldu\u011fu gibi bu y\u0131lda 1201-1500 olan D\u00fcnya S\u0131ralamas\u0131n\u0131 korumay\u0131 ba\u015fard\u0131. T\u00fcrkiye devlet \u00fcniversiteleri aras\u0131nda 13\u2019\u00fcnc\u00fc s\u0131rada yer ald\u0131. Ege \u00dcniversitesi Rekt\u00f6r\u00fc Prof. Dr. Necdet Budak, &#8220;Uluslararas\u0131 derecelendirme&#8230;<\/p>\n","protected":false},"author":1,"featured_media":60249,"comment_status":"open","ping_status":"open","sticky":false,"template":"","format":"standard","meta":{"_crdt_document":"","footnotes":""},"categories":[1],"tags":[],"class_list":["post-60248","post","type-post","status-publish","format-standard","has-post-thumbnail","hentry","category-guncel"],"_links":{"self":[{"href":"https:\/\/www.egemtv.com\/index.php?rest_route=\/wp\/v2\/posts\/60248","targetHints":{"allow":["GET"]}}],"collection":[{"href":"https:\/\/www.egemtv.com\/index.php?rest_route=\/wp\/v2\/posts"}],"about":[{"href":"https:\/\/www.egemtv.com\/index.php?rest_route=\/wp\/v2\/types\/post"}],"author":[{"embeddable":true,"href":"https:\/\/www.egemtv.com\/index.php?rest_route=\/wp\/v2\/users\/1"}],"replies":[{"embeddable":true,"href":"https:\/\/www.egemtv.com\/index.php?rest_route=%2Fwp%2Fv2%2Fcomments&post=60248"}],"version-history":[{"count":1,"href":"https:\/\/www.egemtv.com\/index.php?rest_route=\/wp\/v2\/posts\/60248\/revisions"}],"predecessor-version":[{"id":60250,"href":"https:\/\/www.egemtv.com\/index.php?rest_route=\/wp\/v2\/posts\/60248\/revisions\/60250"}],"wp:featuredmedia":[{"embeddable":true,"href":"https:\/\/www.egemtv.com\/index.php?rest_route=\/wp\/v2\/media\/60249"}],"wp:attachment":[{"href":"https:\/\/www.egemtv.com\/index.php?rest_route=%2Fwp%2Fv2%2Fmedia&parent=60248"}],"wp:term":[{"taxonomy":"category","embeddable":true,"href":"https:\/\/www.egemtv.com\/index.php?rest_route=%2Fwp%2Fv2%2Fcategories&post=60248"},{"taxonomy":"post_tag","embeddable":true,"href":"https:\/\/www.egemtv.com\/index.php?rest_route=%2Fwp%2Fv2%2Ftags&post=60248"}],"curies":[{"name":"wp","href":"https:\/\/api.w.org\/{rel}","templated":true}]}}