{"id":60068,"date":"2025-10-08T11:34:48","date_gmt":"2025-10-08T08:34:48","guid":{"rendered":"https:\/\/www.egemtv.com\/?p=60068"},"modified":"2025-10-08T11:34:49","modified_gmt":"2025-10-08T08:34:49","slug":"belcikada-olen-gurbetci-gencler-topraga-verildi","status":"publish","type":"post","link":"https:\/\/www.egemtv.com\/?p=60068","title":{"rendered":"Bel\u00e7ika\u2019da \u00f6len gurbet\u00e7i gen\u00e7ler topra\u011fa verildi"},"content":{"rendered":"<p>Bel\u00e7ika\u2019n\u0131n Gent kenti yak\u0131nlar\u0131ndaki Evergem b\u00f6lgesinde ya\u015fanan trafik kazas\u0131nda hayat\u0131n\u0131 kaybeden Afyonkarahisarl\u0131 gurbet\u00e7i gen\u00e7ler d\u00fczenlenen cenaze t\u00f6reninin ard\u0131ndan topra\u011fa verildi.<br \/>\n<br \/>Edinilen bilgilere g\u00f6re, Bel\u00e7ika\u2019n\u0131n Evergem b\u00f6lgesinde ya\u015fanan trafik kazas\u0131nda, kat\u0131ld\u0131klar\u0131 bir d\u00fc\u011f\u00fcnden d\u00f6nen 26 ya\u015f\u0131ndaki M.\u00c7.\u2019nin kulland\u0131\u011f\u0131 otomobil kontrolden \u00e7\u0131karak yol kenar\u0131ndaki a\u011fa\u00e7lara \u00e7arpt\u0131. Kazada Afyonkarahisar\u2019\u0131n Bolvadin il\u00e7esine ba\u011fl\u0131 \u00d6zburun beldesi n\u00fcfusuna kay\u0131tl\u0131 25 ya\u015f\u0131ndaki Mikail Kandemir, 15 ya\u015f\u0131ndaki \u0130brahim Kaymak ve otomobil s\u00fcr\u00fcc\u00fcs\u00fc hayat\u0131n\u0131 kaybetti.<br \/>\n<br \/>Afyonkarahisarl\u0131 Kandemir ve Kaymak cenazeleri d\u00fcn Bel\u00e7ika\u2019dan memleketleri olan Bolvadin il\u00e7esine ba\u011fl\u0131 \u00d6zburun beldesine g\u00f6nderildi. Gen\u00e7lerin cenazeleri k\u0131l\u0131nan namaz\u0131n ard\u0131ndan belde mezarl\u0131\u011f\u0131nda topra\u011fa verildi.<br \/><\/p>\n","protected":false},"excerpt":{"rendered":"<p>Bel\u00e7ika\u2019n\u0131n Gent kenti yak\u0131nlar\u0131ndaki Evergem b\u00f6lgesinde ya\u015fanan trafik kazas\u0131nda hayat\u0131n\u0131 kaybeden Afyonkarahisarl\u0131 gurbet\u00e7i gen\u00e7ler d\u00fczenlenen cenaze t\u00f6reninin ard\u0131ndan topra\u011fa verildi. Edinilen bilgilere g\u00f6re, Bel\u00e7ika\u2019n\u0131n Evergem b\u00f6lgesinde ya\u015fanan trafik kazas\u0131nda, kat\u0131ld\u0131klar\u0131 bir d\u00fc\u011f\u00fcnden d\u00f6nen 26 ya\u015f\u0131ndaki M.\u00c7.\u2019nin kulland\u0131\u011f\u0131 otomobil kontrolden \u00e7\u0131karak yol kenar\u0131ndaki a\u011fa\u00e7lara \u00e7arpt\u0131. Kazada Afyonkarahisar\u2019\u0131n Bolvadin il\u00e7esine ba\u011fl\u0131 \u00d6zburun beldesi n\u00fcfusuna kay\u0131tl\u0131 25 ya\u015f\u0131ndaki&#8230;<\/p>\n","protected":false},"author":1,"featured_media":60069,"comment_status":"open","ping_status":"open","sticky":false,"template":"","format":"standard","meta":{"_crdt_document":"","footnotes":""},"categories":[5],"tags":[],"class_list":["post-60068","post","type-post","status-publish","format-standard","has-post-thumbnail","hentry","category-asayis"],"_links":{"self":[{"href":"https:\/\/www.egemtv.com\/index.php?rest_route=\/wp\/v2\/posts\/60068","targetHints":{"allow":["GET"]}}],"collection":[{"href":"https:\/\/www.egemtv.com\/index.php?rest_route=\/wp\/v2\/posts"}],"about":[{"href":"https:\/\/www.egemtv.com\/index.php?rest_route=\/wp\/v2\/types\/post"}],"author":[{"embeddable":true,"href":"https:\/\/www.egemtv.com\/index.php?rest_route=\/wp\/v2\/users\/1"}],"replies":[{"embeddable":true,"href":"https:\/\/www.egemtv.com\/index.php?rest_route=%2Fwp%2Fv2%2Fcomments&post=60068"}],"version-history":[{"count":1,"href":"https:\/\/www.egemtv.com\/index.php?rest_route=\/wp\/v2\/posts\/60068\/revisions"}],"predecessor-version":[{"id":60070,"href":"https:\/\/www.egemtv.com\/index.php?rest_route=\/wp\/v2\/posts\/60068\/revisions\/60070"}],"wp:featuredmedia":[{"embeddable":true,"href":"https:\/\/www.egemtv.com\/index.php?rest_route=\/wp\/v2\/media\/60069"}],"wp:attachment":[{"href":"https:\/\/www.egemtv.com\/index.php?rest_route=%2Fwp%2Fv2%2Fmedia&parent=60068"}],"wp:term":[{"taxonomy":"category","embeddable":true,"href":"https:\/\/www.egemtv.com\/index.php?rest_route=%2Fwp%2Fv2%2Fcategories&post=60068"},{"taxonomy":"post_tag","embeddable":true,"href":"https:\/\/www.egemtv.com\/index.php?rest_route=%2Fwp%2Fv2%2Ftags&post=60068"}],"curies":[{"name":"wp","href":"https:\/\/api.w.org\/{rel}","templated":true}]}}