{"id":60065,"date":"2025-10-08T11:34:47","date_gmt":"2025-10-08T08:34:47","guid":{"rendered":"https:\/\/www.egemtv.com\/?p=60065"},"modified":"2025-10-08T11:34:48","modified_gmt":"2025-10-08T08:34:48","slug":"ege-universitesinde-soykirima-ugrayan-gazze-anlatildi","status":"publish","type":"post","link":"https:\/\/www.egemtv.com\/?p=60065","title":{"rendered":"Ege \u00dcniversitesinde, soyk\u0131r\u0131ma u\u011frayan Gazze anlat\u0131ld\u0131"},"content":{"rendered":"<p>Ege \u00dcniversitesinde, Gazze\u2019deki kutsal, tarih\u00ee ve g\u00fcncel direni\u015fi mercek alt\u0131na alan &#8220;Mek\u00e2ndan Tarihe ve Davaya: Gazze\u2019nin Kutsal Direni\u015fi&#8221; ba\u015fl\u0131kl\u0131 panel ger\u00e7ekle\u015ftirildi. Panelde, y\u0131llard\u0131r zulm\u00fcn, ku\u015fatman\u0131n ve i\u015fgalin en somut sembollerinden biri olan Gazze\u2019nin ayn\u0131 zamanda direni\u015fin, umudun ve inanc\u0131n da timsali olmay\u0131 s\u00fcrd\u00fcrd\u00fc\u011f\u00fc belirtildi.<br \/>\n<br \/>Ege \u00dcniversitesi K\u00fclt\u00fcr ve Sanat Evinde yap\u0131lan panelde, Ege \u00dcniversitesi Birgivi \u0130lahiyat Fak\u00fcltesi Dekan\u0131 Prof. Dr. Muhammet Hanefi Palab\u0131y\u0131k ve Pamukkale \u00dcniversitesi Fen Edebiyat Fak\u00fcltesi Tarih B\u00f6l\u00fcm\u00fc \u00d6\u011fretim \u00dcyesi Prof. Dr. Durmu\u015f Akal\u0131n konu\u015fmac\u0131 olarak yer ald\u0131. Etkinli\u011fe Ege \u00dcniversitesi Rekt\u00f6r Yard\u0131mc\u0131s\u0131 Prof. Dr. Mehmet Ersan, Senato \u00dcyeleri, akademisyenler ve \u00f6\u011frenciler kat\u0131ld\u0131.<br \/>\n<br \/>Program, Ege \u00dcniversitesi Birgivi \u0130lahiyat Fak\u00fcltesi \u00d6\u011fr. G\u00f6r. Osman Bostanc\u0131\u2019n\u0131n Kur\u2019an-\u0131 Kerim tilavetiyle ba\u015flad\u0131. Prof. Dr. Muhammet Hanefi Palab\u0131y\u0131k &#8220;Mek\u00e2ndan Co\u011frafyaya, Co\u011frafyadan Kutsala&#8221; ba\u015fl\u0131kl\u0131 sunumunda, bir mekan olarak Gazze\u2019nin co\u011frafyaya, co\u011frafyadan tarih\u00ee ve kutsal kimli\u011fe d\u00f6n\u00fc\u015fmesini ele ald\u0131. Prof. Dr. Durmu\u015f Akal\u0131n ise &#8220;Filistin \u0130\u015fgalinden Gazze\u2019ye: Tarih\u00ee Arka Plan ve Hedef&#8221; ba\u015fl\u0131kl\u0131 konu\u015fmas\u0131nda b\u00f6lgedeki tarihsel s\u00fcreci ve g\u00fcn\u00fcm\u00fczde ya\u015fanan geli\u015fmeleri ar\u015fiv belgelerine dayanarak tarihi arka planla birlikte de\u011ferlendirdi.<br \/>\n<br \/>Panelin a\u00e7\u0131l\u0131\u015f\u0131nda konu\u015fan Ege \u00dcniversitesi Rekt\u00f6r Yard\u0131mc\u0131s\u0131 Prof. Dr. Mehmet Ersan, &#8220;Bug\u00fcn burada, insanl\u0131\u011f\u0131n vicdan\u0131nda derin izler b\u0131rakan 7 Ekim Gazze i\u015fgalinin 2. y\u0131l d\u00f6n\u00fcm\u00fcnde, Ege \u00dcniversitesi \u00e7at\u0131s\u0131 alt\u0131nda bir araya gelmi\u015f bulunuyoruz. Bu etkinlik, sadece bir hat\u0131rlama de\u011fil; ayn\u0131 zamanda bir uyan\u0131\u015fa, bir fark\u0131ndal\u0131\u011fa ve bir sorumluluk bilincine davettir. Gazze, y\u0131llard\u0131r zulm\u00fcn, ku\u015fatman\u0131n ve i\u015fgalin en somut sembollerinden biri olmu\u015ftur. Fakat ayn\u0131 zamanda direni\u015fin, umudun ve inanc\u0131n da timsali olmay\u0131 s\u00fcrd\u00fcrmektedir. Bu nedenle Gazze\u2019yi anlamak, sadece bir co\u011frafyay\u0131 de\u011fil; bir insanl\u0131k davas\u0131n\u0131, bir onur m\u00fccadelesini kavramakt\u0131r. 7 Ekim 2023 tarihi, d\u00fcnya kamuoyunun dikkatini bir kez daha Gazze\u2019ye \u00e7evirmi\u015f; ya\u015fanan insani trajediler, sivillerin maruz kald\u0131\u011f\u0131 \u015fiddet ve adaletsizlikler vicdanlar\u0131 derinden yaralam\u0131\u015ft\u0131r. Bizler, \u00fcniversite camias\u0131 olarak bu t\u00fcr ac\u0131lar\u0131n unutulmamas\u0131, gelece\u011fe dersler b\u0131rakmas\u0131 i\u00e7in akademik ve insani bir sorumluluk ta\u015f\u0131yor, bu sorumluluk ve vicdani yoksunluk ta\u015f\u0131mayanlar\u0131 ise k\u0131n\u0131yoruz&#8221; dedi.<\/p>\n<p>&#8220;\u0130nsanl\u0131\u011f\u0131n ortak ac\u0131lar\u0131na duyars\u0131z kalmamal\u0131y\u0131z&#8221;<br \/>\n<br \/>\u00dcniversitelerin sadece bilim \u00fcreten de\u011fil, ayn\u0131 zamanda ahlak ve vicdan\u0131 koruyan kurumlar oldu\u011funu belirten Prof. Dr. Ersan, &#8220;Tarih, mek\u00e2n ve dava \u00fc\u00e7l\u00fcs\u00fc, Gazze\u2019nin bug\u00fcnk\u00fc ger\u00e7e\u011fini anlamam\u0131z i\u00e7in \u00f6nemli bir anahtar sunuyor. Mek\u00e2n, i\u015fgal edilen toprak; Tarih, Filistin halk\u0131n\u0131n y\u00fczy\u0131llard\u0131r s\u00fcren var olma m\u00fccadelesi; Dava ise adalet, \u00f6zg\u00fcrl\u00fck ve insanl\u0131k onuru i\u00e7in verilen bitmeyen \u00e7abad\u0131r. \u00dcniversiteler sadece bilim \u00fcretim merkezleri de\u011fil, ayn\u0131 zamanda vicdan\u0131n korundu\u011fu mek\u00e2nlard\u0131r. Bizim g\u00f6revimiz, insanl\u0131\u011f\u0131n ortak ac\u0131lar\u0131na duyars\u0131z kalmamak ve \u00f6\u011frencilere hakikati, adaleti ve merhameti \u00f6\u011fretebilmektir. Gazze meselesi de bu sorumlulu\u011fun en a\u00e7\u0131k g\u00f6stergesidir. Ege \u00dcniversitesi olarak bizler, ilim ve vicdan\u0131n birlikte y\u00fckseldi\u011fi bir kurum olma anlay\u0131\u015f\u0131m\u0131z\u0131 s\u00fcrd\u00fcr\u00fcyoruz. Gazze\u2019nin tarihi, mek\u00e2n\u0131 ve davas\u0131 \u00fczerine yap\u0131lan bu akademik bulu\u015fma, bilginin vicdanla birle\u015fti\u011fi bir zemin olu\u015fturmaktad\u0131r.&#8221; diye konu\u015ftu.<\/p>\n<p>&#8220;Kud\u00fcs ve Gazze, onurlu direni\u015fin simgesidir&#8221;<br \/>\n<br \/>E\u00dc Birgivi \u0130lahiyat Fak\u00fcltesi Dekan\u0131 Prof. Dr. Palab\u0131y\u0131k, &#8220;Modern \u00e7a\u011f, kutsall\u0131\u011f\u0131n mek\u00e2nsal temsilini zay\u0131flatm\u0131\u015f olsa da insan\u0131n kutsala y\u00f6nelme arzusu s\u00fcrmektedir. Bu y\u00f6neli\u015f, bazen dua, bazen tepki, bazen de direni\u015f olarak tezah\u00fcr eder. Filistin \u00f6rne\u011finde oldu\u011fu gibi, kutsal mek\u00e2n yaln\u0131zca inan\u00e7la de\u011fil, adalet, kimlik ve insan onuruyla da ilgilidir. Kud\u00fcs ve Gazze, Tanr\u0131\u2019ya y\u00f6nelimin oldu\u011fu kadar insan\u0131n onurlu direni\u015finin de simgesidir. Kutsal mek\u00e2nlar, toplumlar\u0131n ortak haf\u0131zas\u0131 ve vicdan\u0131d\u0131r; hem ruhu hem kimli\u011fi ya\u015fat\u0131r. Bug\u00fcn da\u011flarda, a\u011fa\u00e7larda, t\u00fcrbelerde, camilerde, an\u0131tlarda ve hatta sessizlikte bile insan, h\u00e2l\u00e2 kutsal\u0131 aramakta; baz\u0131 mek\u00e2nlar\u0131n ta\u015flar\u0131nda, oradaki dualarda ve direni\u015flerde hayat\u0131n\u0131n anlam\u0131n\u0131 bulmaktad\u0131r. \u00c7\u00fcnk\u00fc kutsall\u0131k, insan\u0131n i\u00e7indeki en derin \u00e7a\u011fr\u0131n\u0131n; anlam, adalet ve huzur aray\u0131\u015f\u0131n\u0131n hi\u00e7 s\u00f6nmeyen yank\u0131s\u0131d\u0131r&#8221; dedi.<\/p>\n<p>&#8220;Gazze tesad\u00fcf de\u011fil, planl\u0131 bir politika&#8221;<br \/>\n<br \/>Sunumunda; bug\u00fcn\u00fc anlamak i\u00e7in ge\u00e7mi\u015fin planlar\u0131na bak\u0131lmas\u0131 gerekti\u011finin alt\u0131n\u0131 \u00e7izen Prof. Dr. Durmu\u015f Akal\u0131n, &#8220;Bug\u00fcn Gazze\u2019de ya\u015fananlar, tesad\u00fcf de\u011fil, 19. y\u00fczy\u0131ldan bu yana ad\u0131m ad\u0131m uygulanan planl\u0131 bir Siyonist politikan\u0131n sonucudur. Osmanl\u0131\u2019n\u0131n b\u00f6lgeden \u00e7ektirilmesiyle ba\u015flayan s\u00fcre\u00e7te, \u0130ngiltere ve Bat\u0131 deste\u011fiyle Filistin topraklar\u0131 sistemli \u015fekilde i\u015fgal edilmi\u015f, her b\u00f6lgesel kriz, f\u0131rsata \u00e7evrilmi\u015ftir. 1948\u2019de \u0130srail\u2019in kurulu\u015fuyla y\u00fczbinlerce Filistinli evlerinden s\u00fcr\u00fclm\u00fc\u015f; bu, her vesileyle artarak devam ettirilmi\u015f ve bug\u00fcn de yap\u0131ld\u0131\u011f\u0131 gibi h\u00e2l\u00e2 m\u00fclteci kamplar\u0131nda ya\u015famaya mahkum edilmi\u015flerdir. Gazze\u2019de g\u00f6rd\u00fc\u011f\u00fcm\u00fcz y\u0131k\u0131m\u0131n her t\u00fcrl\u00fcs\u00fc, yeni bir olay de\u011fildir; mahsul yakma, su kaynaklar\u0131n\u0131 tahrip etme, yollar\u0131 kapatma gibi \u2018insans\u0131zla\u015ft\u0131rma\u2019 politikas\u0131n\u0131n g\u00fcncel devam\u0131d\u0131r. K\u0131sacas\u0131 kar\u015f\u0131m\u0131zda, Bat\u0131\u2019n\u0131n \u00e7\u0131karlar\u0131n\u0131 temsil eden, b\u00f6lgeyi denetim alt\u0131nda tutan \u00f6rg\u00fctl\u00fc bir yap\u0131, modern bir koloni bulunmaktad\u0131r&#8221; dedi.<br \/>\n<br \/>Panel, Rekt\u00f6r Yard\u0131mc\u0131s\u0131 Prof. Dr. Ersan taraf\u0131ndan Prof. Dr. Muhammet Hanefi Palab\u0131y\u0131k ve Prof. Dr. Durmu\u015f Akal\u0131n\u2019a 70. Y\u0131l Pulu takdim edilmesiyle sona erdi.<br \/><\/p>\n","protected":false},"excerpt":{"rendered":"<p>Ege \u00dcniversitesinde, Gazze\u2019deki kutsal, tarih\u00ee ve g\u00fcncel direni\u015fi mercek alt\u0131na alan &#8220;Mek\u00e2ndan Tarihe ve Davaya: Gazze\u2019nin Kutsal Direni\u015fi&#8221; ba\u015fl\u0131kl\u0131 panel ger\u00e7ekle\u015ftirildi. Panelde, y\u0131llard\u0131r zulm\u00fcn, ku\u015fatman\u0131n ve i\u015fgalin en somut sembollerinden biri olan Gazze\u2019nin ayn\u0131 zamanda direni\u015fin, umudun ve inanc\u0131n da timsali olmay\u0131 s\u00fcrd\u00fcrd\u00fc\u011f\u00fc belirtildi. Ege \u00dcniversitesi K\u00fclt\u00fcr ve Sanat Evinde yap\u0131lan panelde, Ege \u00dcniversitesi Birgivi&#8230;<\/p>\n","protected":false},"author":1,"featured_media":60066,"comment_status":"open","ping_status":"open","sticky":false,"template":"","format":"standard","meta":{"_crdt_document":"","footnotes":""},"categories":[1],"tags":[],"class_list":["post-60065","post","type-post","status-publish","format-standard","has-post-thumbnail","hentry","category-guncel"],"_links":{"self":[{"href":"https:\/\/www.egemtv.com\/index.php?rest_route=\/wp\/v2\/posts\/60065","targetHints":{"allow":["GET"]}}],"collection":[{"href":"https:\/\/www.egemtv.com\/index.php?rest_route=\/wp\/v2\/posts"}],"about":[{"href":"https:\/\/www.egemtv.com\/index.php?rest_route=\/wp\/v2\/types\/post"}],"author":[{"embeddable":true,"href":"https:\/\/www.egemtv.com\/index.php?rest_route=\/wp\/v2\/users\/1"}],"replies":[{"embeddable":true,"href":"https:\/\/www.egemtv.com\/index.php?rest_route=%2Fwp%2Fv2%2Fcomments&post=60065"}],"version-history":[{"count":1,"href":"https:\/\/www.egemtv.com\/index.php?rest_route=\/wp\/v2\/posts\/60065\/revisions"}],"predecessor-version":[{"id":60067,"href":"https:\/\/www.egemtv.com\/index.php?rest_route=\/wp\/v2\/posts\/60065\/revisions\/60067"}],"wp:featuredmedia":[{"embeddable":true,"href":"https:\/\/www.egemtv.com\/index.php?rest_route=\/wp\/v2\/media\/60066"}],"wp:attachment":[{"href":"https:\/\/www.egemtv.com\/index.php?rest_route=%2Fwp%2Fv2%2Fmedia&parent=60065"}],"wp:term":[{"taxonomy":"category","embeddable":true,"href":"https:\/\/www.egemtv.com\/index.php?rest_route=%2Fwp%2Fv2%2Fcategories&post=60065"},{"taxonomy":"post_tag","embeddable":true,"href":"https:\/\/www.egemtv.com\/index.php?rest_route=%2Fwp%2Fv2%2Ftags&post=60065"}],"curies":[{"name":"wp","href":"https:\/\/api.w.org\/{rel}","templated":true}]}}