{"id":60062,"date":"2025-10-08T11:14:47","date_gmt":"2025-10-08T08:14:47","guid":{"rendered":"https:\/\/www.egemtv.com\/?p=60062"},"modified":"2025-10-08T11:14:48","modified_gmt":"2025-10-08T08:14:48","slug":"denizliye-yilin-ilk-kari-dustu","status":"publish","type":"post","link":"https:\/\/www.egemtv.com\/?p=60062","title":{"rendered":"Denizli\u2019ye y\u0131l\u0131n ilk kar\u0131 d\u00fc\u015ft\u00fc"},"content":{"rendered":"<p>Denizli, y\u0131l\u0131n ilk kar ya\u011f\u0131\u015f\u0131yla birlikte k\u0131\u015f mevsimine ad\u0131m att\u0131. Tavas il\u00e7esi Nikfer Mahallesi\u2019nde bulunan Bozda\u011f\u2019a mevsimin ilk kar\u0131 d\u00fc\u015ft\u00fc.<br \/>\n<br \/>Denizli\u2019nin Tavas il\u00e7esine ba\u011fl\u0131 Nikfer Mahallesi\u2019nde bulunan Bozda\u011f\u2019a mevsimin ilk kar\u0131 d\u00fc\u015ft\u00fc. Hava s\u0131cakl\u0131klar\u0131nda g\u00f6r\u00fclen d\u00fc\u015f\u00fc\u015flerle birlikte gece saatlerinde ba\u015flayan kar ya\u011f\u0131\u015f\u0131, sabah saatlerinde etkisini art\u0131rarak Bozda\u011f\u2019\u0131 beyaza b\u00fcr\u00fcd\u00fc. Bozda\u011f\u2019da yer alan Denizli Kayak merkezinde sezon haz\u0131rl\u0131klar\u0131 da h\u0131z kazand\u0131. Kayak severlerin g\u00f6zdesi olan Denizli Kayak Merkezinde kar ya\u011f\u0131\u015f\u0131yla birlikte tesislerini yeni sezona haz\u0131rlamak i\u00e7in \u00e7al\u0131\u015fmalara ba\u015flad\u0131.<br \/><\/p>\n","protected":false},"excerpt":{"rendered":"<p>Denizli, y\u0131l\u0131n ilk kar ya\u011f\u0131\u015f\u0131yla birlikte k\u0131\u015f mevsimine ad\u0131m att\u0131. Tavas il\u00e7esi Nikfer Mahallesi\u2019nde bulunan Bozda\u011f\u2019a mevsimin ilk kar\u0131 d\u00fc\u015ft\u00fc. Denizli\u2019nin Tavas il\u00e7esine ba\u011fl\u0131 Nikfer Mahallesi\u2019nde bulunan Bozda\u011f\u2019a mevsimin ilk kar\u0131 d\u00fc\u015ft\u00fc. Hava s\u0131cakl\u0131klar\u0131nda g\u00f6r\u00fclen d\u00fc\u015f\u00fc\u015flerle birlikte gece saatlerinde ba\u015flayan kar ya\u011f\u0131\u015f\u0131, sabah saatlerinde etkisini art\u0131rarak Bozda\u011f\u2019\u0131 beyaza b\u00fcr\u00fcd\u00fc. Bozda\u011f\u2019da yer alan Denizli Kayak merkezinde&#8230;<\/p>\n","protected":false},"author":1,"featured_media":60063,"comment_status":"open","ping_status":"open","sticky":false,"template":"","format":"standard","meta":{"_crdt_document":"","footnotes":""},"categories":[1],"tags":[],"class_list":["post-60062","post","type-post","status-publish","format-standard","has-post-thumbnail","hentry","category-guncel"],"_links":{"self":[{"href":"https:\/\/www.egemtv.com\/index.php?rest_route=\/wp\/v2\/posts\/60062","targetHints":{"allow":["GET"]}}],"collection":[{"href":"https:\/\/www.egemtv.com\/index.php?rest_route=\/wp\/v2\/posts"}],"about":[{"href":"https:\/\/www.egemtv.com\/index.php?rest_route=\/wp\/v2\/types\/post"}],"author":[{"embeddable":true,"href":"https:\/\/www.egemtv.com\/index.php?rest_route=\/wp\/v2\/users\/1"}],"replies":[{"embeddable":true,"href":"https:\/\/www.egemtv.com\/index.php?rest_route=%2Fwp%2Fv2%2Fcomments&post=60062"}],"version-history":[{"count":1,"href":"https:\/\/www.egemtv.com\/index.php?rest_route=\/wp\/v2\/posts\/60062\/revisions"}],"predecessor-version":[{"id":60064,"href":"https:\/\/www.egemtv.com\/index.php?rest_route=\/wp\/v2\/posts\/60062\/revisions\/60064"}],"wp:featuredmedia":[{"embeddable":true,"href":"https:\/\/www.egemtv.com\/index.php?rest_route=\/wp\/v2\/media\/60063"}],"wp:attachment":[{"href":"https:\/\/www.egemtv.com\/index.php?rest_route=%2Fwp%2Fv2%2Fmedia&parent=60062"}],"wp:term":[{"taxonomy":"category","embeddable":true,"href":"https:\/\/www.egemtv.com\/index.php?rest_route=%2Fwp%2Fv2%2Fcategories&post=60062"},{"taxonomy":"post_tag","embeddable":true,"href":"https:\/\/www.egemtv.com\/index.php?rest_route=%2Fwp%2Fv2%2Ftags&post=60062"}],"curies":[{"name":"wp","href":"https:\/\/api.w.org\/{rel}","templated":true}]}}