{"id":60059,"date":"2025-10-08T10:55:06","date_gmt":"2025-10-08T07:55:06","guid":{"rendered":"https:\/\/www.egemtv.com\/?p=60059"},"modified":"2025-10-08T10:55:06","modified_gmt":"2025-10-08T07:55:06","slug":"emirdagda-ogrenciler-filistine-destek-verdi","status":"publish","type":"post","link":"https:\/\/www.egemtv.com\/?p=60059","title":{"rendered":"Emirda\u011f\u2019da \u00f6\u011frenciler Filistin\u2019e destek verdi"},"content":{"rendered":"<p>Afyonkarahisar\u2019\u0131n Emirda\u011f il\u00e7esindeki \u00f6\u011frenciler ger\u00e7ekle\u015ftirdikleri etkinlikler ile Filistin\u2019e destek verdi.<br \/>\n<br \/>Emirda\u011f Atat\u00fcrk Ortaokulu\u2019nda \u00f6\u011frenciler d\u00fczenledikleri \u2018Filistin Fark\u0131ndal\u0131k Etkinli\u011fi\u2019 ile dikkat \u00e7ekti. Etkinlik de \u00f6\u011frenciler, okul bah\u00e7esinde balonlar\u0131 ile bar\u0131\u015f i\u00e7in oynatt\u0131 ve umut i\u00e7in kulland\u0131. 5 ve 6.\u2019nc\u0131 s\u0131n\u0131f \u00f6\u011frencileri, \u2018Bar\u0131\u015f\u0131n Renkleri\u2019 temas\u0131yla kalplerindeki bar\u0131\u015f\u0131, \u00f6zg\u00fcrl\u00fc\u011f\u00fc ve umudu resmetti. 7 ve 8.\u2019nci s\u0131n\u0131f \u00f6\u011frencileri ise etkinlik boyunca empati kurman\u0131n ve insan olman\u0131n \u00f6nemini bir kez daha fark etti.<br \/>\n<br \/>Emirda\u011f \u0130l\u00e7e Milli E\u011fitim M\u00fcd\u00fcr\u00fc G\u00fcrkan Emeksiz ise etkinlikle ilgili yapt\u0131\u011f\u0131 a\u00e7\u0131klamada, Etkinli\u011fimiz e\u011fitsel a\u00e7\u0131dan \u00f6rnek bir \u00e7al\u0131\u015fmad\u0131r. Filistin\u2019deki insan haklar\u0131 ihlallerinin sona erdirilmesi y\u00f6nelik kararl\u0131 deste\u011fimizi somut bi\u00e7imde g\u00f6stermek ve gen\u00e7lerin insan haklar\u0131 ve demokratik duyarl\u0131l\u0131\u011f\u0131, ortak sorumluluk bilincini en \u00fcst d\u00fczeyde peki\u015ftirmek amac\u0131yla il\u00e7emizdeki t\u00fcm okullar\u0131m\u0131zda Filistin halk\u0131na destek amac\u0131yla e\u015f zamanl\u0131 etkinlikler d\u00fczenleyerek yanlar\u0131nda oldu\u011fumuzu bir kez daha y\u00fcksek sesle ifade ettik\u2019\u2019 dedi.<br \/><\/p>\n","protected":false},"excerpt":{"rendered":"<p>Afyonkarahisar\u2019\u0131n Emirda\u011f il\u00e7esindeki \u00f6\u011frenciler ger\u00e7ekle\u015ftirdikleri etkinlikler ile Filistin\u2019e destek verdi. Emirda\u011f Atat\u00fcrk Ortaokulu\u2019nda \u00f6\u011frenciler d\u00fczenledikleri \u2018Filistin Fark\u0131ndal\u0131k Etkinli\u011fi\u2019 ile dikkat \u00e7ekti. Etkinlik de \u00f6\u011frenciler, okul bah\u00e7esinde balonlar\u0131 ile bar\u0131\u015f i\u00e7in oynatt\u0131 ve umut i\u00e7in kulland\u0131. 5 ve 6.\u2019nc\u0131 s\u0131n\u0131f \u00f6\u011frencileri, \u2018Bar\u0131\u015f\u0131n Renkleri\u2019 temas\u0131yla kalplerindeki bar\u0131\u015f\u0131, \u00f6zg\u00fcrl\u00fc\u011f\u00fc ve umudu resmetti. 7 ve 8.\u2019nci s\u0131n\u0131f \u00f6\u011frencileri ise&#8230;<\/p>\n","protected":false},"author":1,"featured_media":60060,"comment_status":"open","ping_status":"open","sticky":false,"template":"","format":"standard","meta":{"_crdt_document":"","footnotes":""},"categories":[1],"tags":[],"class_list":["post-60059","post","type-post","status-publish","format-standard","has-post-thumbnail","hentry","category-guncel"],"_links":{"self":[{"href":"https:\/\/www.egemtv.com\/index.php?rest_route=\/wp\/v2\/posts\/60059","targetHints":{"allow":["GET"]}}],"collection":[{"href":"https:\/\/www.egemtv.com\/index.php?rest_route=\/wp\/v2\/posts"}],"about":[{"href":"https:\/\/www.egemtv.com\/index.php?rest_route=\/wp\/v2\/types\/post"}],"author":[{"embeddable":true,"href":"https:\/\/www.egemtv.com\/index.php?rest_route=\/wp\/v2\/users\/1"}],"replies":[{"embeddable":true,"href":"https:\/\/www.egemtv.com\/index.php?rest_route=%2Fwp%2Fv2%2Fcomments&post=60059"}],"version-history":[{"count":1,"href":"https:\/\/www.egemtv.com\/index.php?rest_route=\/wp\/v2\/posts\/60059\/revisions"}],"predecessor-version":[{"id":60061,"href":"https:\/\/www.egemtv.com\/index.php?rest_route=\/wp\/v2\/posts\/60059\/revisions\/60061"}],"wp:featuredmedia":[{"embeddable":true,"href":"https:\/\/www.egemtv.com\/index.php?rest_route=\/wp\/v2\/media\/60060"}],"wp:attachment":[{"href":"https:\/\/www.egemtv.com\/index.php?rest_route=%2Fwp%2Fv2%2Fmedia&parent=60059"}],"wp:term":[{"taxonomy":"category","embeddable":true,"href":"https:\/\/www.egemtv.com\/index.php?rest_route=%2Fwp%2Fv2%2Fcategories&post=60059"},{"taxonomy":"post_tag","embeddable":true,"href":"https:\/\/www.egemtv.com\/index.php?rest_route=%2Fwp%2Fv2%2Ftags&post=60059"}],"curies":[{"name":"wp","href":"https:\/\/api.w.org\/{rel}","templated":true}]}}