{"id":60056,"date":"2025-10-08T10:55:05","date_gmt":"2025-10-08T07:55:05","guid":{"rendered":"https:\/\/www.egemtv.com\/?p=60056"},"modified":"2025-10-08T10:55:06","modified_gmt":"2025-10-08T07:55:06","slug":"altintas-mustafa-kemal-ortaokulu-ogrencilerinden-filistine-destek","status":"publish","type":"post","link":"https:\/\/www.egemtv.com\/?p=60056","title":{"rendered":"Alt\u0131nta\u015f Mustafa Kemal Ortaokulu \u00f6\u011frencilerinden Filistin\u2019e destek"},"content":{"rendered":"<p>K\u00fctahya Alt\u0131nta\u015f Mustafa Kemal Ortaokulu \u00f6\u011frencileri, Filistin halk\u0131na destek olmak ve ya\u015fanan insanl\u0131k dram\u0131na dikkat \u00e7ekmek amac\u0131yla anlaml\u0131 bir fark\u0131ndal\u0131k etkinli\u011fi ger\u00e7ekle\u015ftirdi.<br \/>\n<br \/>S\u0131n\u0131flarda yap\u0131lan belgesel g\u00f6sterimleri, duygu dolu k\u0131sa filmler, resim \u00e7al\u0131\u015fmalar\u0131 ve &#8220;Bar\u0131\u015f bilekli\u011fi&#8221; etkinli\u011fi ile \u00f6\u011frenciler, karde\u015flik ve merhamet mesajlar\u0131n\u0131 dile getirdiler.<br \/>\n<br \/>&#8220;Gazze \u0130\u00e7in Renklen, Sessiz Kalma!&#8221; slogan\u0131yla ger\u00e7ekle\u015ftirilen \u00e7al\u0131\u015fmalarda \u00f6\u011frenciler, bar\u0131\u015f\u0131n simgesi g\u00fcvercinleri ve Filistin bayraklar\u0131n\u0131 kendi elleriyle \u00e7izdiler. Her bir resim, &#8220;Sava\u015f kaybettirir, bar\u0131\u015f kazand\u0131r\u0131r!&#8221; s\u00f6zleriyle kalplere dokundu.<br \/>\n<br \/>Ak\u0131ll\u0131 tahtalarda izlenen Filistin temal\u0131 videolar arac\u0131l\u0131\u011f\u0131yla \u00f6\u011frenciler, tarihin ve insanl\u0131\u011f\u0131n ortak sorumlulu\u011funu derin bir fark\u0131ndal\u0131kla kavrad\u0131lar.<br \/>\n<br \/>Etkinlik sonunda \u00f6\u011frenciler hep birlikte, ellerinde ta\u015f\u0131d\u0131klar\u0131 Filistin bileklikleriyle &#8220;Gazze i\u00e7in tek y\u00fcrek!&#8221; mesaj\u0131 verdiler.<br \/><\/p>\n","protected":false},"excerpt":{"rendered":"<p>K\u00fctahya Alt\u0131nta\u015f Mustafa Kemal Ortaokulu \u00f6\u011frencileri, Filistin halk\u0131na destek olmak ve ya\u015fanan insanl\u0131k dram\u0131na dikkat \u00e7ekmek amac\u0131yla anlaml\u0131 bir fark\u0131ndal\u0131k etkinli\u011fi ger\u00e7ekle\u015ftirdi. S\u0131n\u0131flarda yap\u0131lan belgesel g\u00f6sterimleri, duygu dolu k\u0131sa filmler, resim \u00e7al\u0131\u015fmalar\u0131 ve &#8220;Bar\u0131\u015f bilekli\u011fi&#8221; etkinli\u011fi ile \u00f6\u011frenciler, karde\u015flik ve merhamet mesajlar\u0131n\u0131 dile getirdiler. &#8220;Gazze \u0130\u00e7in Renklen, Sessiz Kalma!&#8221; slogan\u0131yla ger\u00e7ekle\u015ftirilen \u00e7al\u0131\u015fmalarda \u00f6\u011frenciler, bar\u0131\u015f\u0131n simgesi&#8230;<\/p>\n","protected":false},"author":1,"featured_media":60057,"comment_status":"open","ping_status":"open","sticky":false,"template":"","format":"standard","meta":{"_crdt_document":"","footnotes":""},"categories":[1],"tags":[],"class_list":["post-60056","post","type-post","status-publish","format-standard","has-post-thumbnail","hentry","category-guncel"],"_links":{"self":[{"href":"https:\/\/www.egemtv.com\/index.php?rest_route=\/wp\/v2\/posts\/60056","targetHints":{"allow":["GET"]}}],"collection":[{"href":"https:\/\/www.egemtv.com\/index.php?rest_route=\/wp\/v2\/posts"}],"about":[{"href":"https:\/\/www.egemtv.com\/index.php?rest_route=\/wp\/v2\/types\/post"}],"author":[{"embeddable":true,"href":"https:\/\/www.egemtv.com\/index.php?rest_route=\/wp\/v2\/users\/1"}],"replies":[{"embeddable":true,"href":"https:\/\/www.egemtv.com\/index.php?rest_route=%2Fwp%2Fv2%2Fcomments&post=60056"}],"version-history":[{"count":1,"href":"https:\/\/www.egemtv.com\/index.php?rest_route=\/wp\/v2\/posts\/60056\/revisions"}],"predecessor-version":[{"id":60058,"href":"https:\/\/www.egemtv.com\/index.php?rest_route=\/wp\/v2\/posts\/60056\/revisions\/60058"}],"wp:featuredmedia":[{"embeddable":true,"href":"https:\/\/www.egemtv.com\/index.php?rest_route=\/wp\/v2\/media\/60057"}],"wp:attachment":[{"href":"https:\/\/www.egemtv.com\/index.php?rest_route=%2Fwp%2Fv2%2Fmedia&parent=60056"}],"wp:term":[{"taxonomy":"category","embeddable":true,"href":"https:\/\/www.egemtv.com\/index.php?rest_route=%2Fwp%2Fv2%2Fcategories&post=60056"},{"taxonomy":"post_tag","embeddable":true,"href":"https:\/\/www.egemtv.com\/index.php?rest_route=%2Fwp%2Fv2%2Ftags&post=60056"}],"curies":[{"name":"wp","href":"https:\/\/api.w.org\/{rel}","templated":true}]}}