{"id":60053,"date":"2025-10-08T10:55:04","date_gmt":"2025-10-08T07:55:04","guid":{"rendered":"https:\/\/www.egemtv.com\/?p=60053"},"modified":"2025-10-08T10:55:05","modified_gmt":"2025-10-08T07:55:05","slug":"muftu-acik-din-gorevlisinin-emeklisi-olmaz-o-her-yasta-hizmete-devam-eder","status":"publish","type":"post","link":"https:\/\/www.egemtv.com\/?p=60053","title":{"rendered":"M\u00fcft\u00fc A\u00e7\u0131k: &#8220;Din g\u00f6revlisinin emeklisi olmaz, o her ya\u015fta hizmete devam eder&#8221;"},"content":{"rendered":"<p>K\u00fctahya \u0130l M\u00fcft\u00fcs\u00fc \u0130rfan A\u00e7\u0131k, Camiler ve Din G\u00f6revlileri Haftas\u0131 m\u00fcnasebetiyle, Diyanet \u0130\u015fleri Ba\u015fkanl\u0131\u011f\u0131n\u0131n \u00e7e\u015fitli kademelerinde g\u00f6rev yapm\u0131\u015f ve emekli olmu\u015f personelle kahvalt\u0131da bir araya geldi.<br \/>\n<br \/>\u0130l M\u00fcft\u00fcl\u00fc\u011f\u00fcnde d\u00fczenlenen kahvalt\u0131 program\u0131nda konu\u015fan \u0130l M\u00fcft\u00fcs\u00fc \u0130rfan A\u00e7\u0131k, &#8220;Din g\u00f6revlisinin emeklisi olmaz, o her ya\u015fta ve her mek\u00e2nda hizmete devam eder&#8221; dedi.<br \/>\n<br \/>M\u00fcft\u00fc A\u00e7\u0131k, programa kat\u0131lan din g\u00f6revlilerine te\u015fekk\u00fcr etti.<br \/><\/p>\n","protected":false},"excerpt":{"rendered":"<p>K\u00fctahya \u0130l M\u00fcft\u00fcs\u00fc \u0130rfan A\u00e7\u0131k, Camiler ve Din G\u00f6revlileri Haftas\u0131 m\u00fcnasebetiyle, Diyanet \u0130\u015fleri Ba\u015fkanl\u0131\u011f\u0131n\u0131n \u00e7e\u015fitli kademelerinde g\u00f6rev yapm\u0131\u015f ve emekli olmu\u015f personelle kahvalt\u0131da bir araya geldi. \u0130l M\u00fcft\u00fcl\u00fc\u011f\u00fcnde d\u00fczenlenen kahvalt\u0131 program\u0131nda konu\u015fan \u0130l M\u00fcft\u00fcs\u00fc \u0130rfan A\u00e7\u0131k, &#8220;Din g\u00f6revlisinin emeklisi olmaz, o her ya\u015fta ve her mek\u00e2nda hizmete devam eder&#8221; dedi. M\u00fcft\u00fc A\u00e7\u0131k, programa kat\u0131lan din&#8230;<\/p>\n","protected":false},"author":1,"featured_media":60054,"comment_status":"open","ping_status":"open","sticky":false,"template":"","format":"standard","meta":{"_crdt_document":"","footnotes":""},"categories":[123],"tags":[],"class_list":["post-60053","post","type-post","status-publish","format-standard","has-post-thumbnail","hentry","category-gundem"],"_links":{"self":[{"href":"https:\/\/www.egemtv.com\/index.php?rest_route=\/wp\/v2\/posts\/60053","targetHints":{"allow":["GET"]}}],"collection":[{"href":"https:\/\/www.egemtv.com\/index.php?rest_route=\/wp\/v2\/posts"}],"about":[{"href":"https:\/\/www.egemtv.com\/index.php?rest_route=\/wp\/v2\/types\/post"}],"author":[{"embeddable":true,"href":"https:\/\/www.egemtv.com\/index.php?rest_route=\/wp\/v2\/users\/1"}],"replies":[{"embeddable":true,"href":"https:\/\/www.egemtv.com\/index.php?rest_route=%2Fwp%2Fv2%2Fcomments&post=60053"}],"version-history":[{"count":1,"href":"https:\/\/www.egemtv.com\/index.php?rest_route=\/wp\/v2\/posts\/60053\/revisions"}],"predecessor-version":[{"id":60055,"href":"https:\/\/www.egemtv.com\/index.php?rest_route=\/wp\/v2\/posts\/60053\/revisions\/60055"}],"wp:featuredmedia":[{"embeddable":true,"href":"https:\/\/www.egemtv.com\/index.php?rest_route=\/wp\/v2\/media\/60054"}],"wp:attachment":[{"href":"https:\/\/www.egemtv.com\/index.php?rest_route=%2Fwp%2Fv2%2Fmedia&parent=60053"}],"wp:term":[{"taxonomy":"category","embeddable":true,"href":"https:\/\/www.egemtv.com\/index.php?rest_route=%2Fwp%2Fv2%2Fcategories&post=60053"},{"taxonomy":"post_tag","embeddable":true,"href":"https:\/\/www.egemtv.com\/index.php?rest_route=%2Fwp%2Fv2%2Ftags&post=60053"}],"curies":[{"name":"wp","href":"https:\/\/api.w.org\/{rel}","templated":true}]}}