{"id":60050,"date":"2025-10-08T10:55:03","date_gmt":"2025-10-08T07:55:03","guid":{"rendered":"https:\/\/www.egemtv.com\/?p=60050"},"modified":"2025-10-08T10:55:04","modified_gmt":"2025-10-08T07:55:04","slug":"turk-ve-japon-ogrenciler-izmir-icin-tasarladi","status":"publish","type":"post","link":"https:\/\/www.egemtv.com\/?p=60050","title":{"rendered":"T\u00fcrk ve Japon \u00f6\u011frenciler \u0130zmir i\u00e7in tasarlad\u0131"},"content":{"rendered":"<p>\u0130zmir Ekonomi \u00dcniversitesi\u2019nde (\u0130E\u00dc) bir araya gelen T\u00fcrk ve Japon \u00f6\u011frenciler, Alsancak\u2019taki \u0130zmir Resim Heykel M\u00fczesi binas\u0131n\u0131, \u2018do\u011fa dostu\u2019 k\u00fct\u00fcphane olarak yeniden tasarlad\u0131. 5 grup halinde bir hafta \u00e7al\u0131\u015fan 32 \u00f6\u011frencinin s\u00fcrd\u00fcr\u00fclebilirlik temas\u0131na vurgu yapan, palmiye a\u011fac\u0131 ve begonvil \u00e7i\u00e7e\u011fi fig\u00fcrlerinin yer ald\u0131\u011f\u0131, bol \u0131\u015f\u0131kl\u0131 ve estetik  tasar\u0131mlar\u0131 b\u00fcy\u00fck be\u011feni toplad\u0131.<br \/>\n<br \/>\u0130zmir Ekonomi \u00dcniversitesi G\u00fczel Sanatlar ve Tasar\u0131m Fak\u00fcltesi ile Japonya\u2019daki Chiba \u00dcniversitesi aras\u0131nda yakla\u015f\u0131k 20 y\u0131ld\u0131r devam eden i\u015f birli\u011fi, bu sene de g\u00fczel bir projeye d\u00f6n\u00fc\u015ft\u00fc. Japon \u00f6\u011fretim \u00fcyeleri Prof. Dr. Kaname Yanagisawa, Prof. Dr. Yuki Ito ve beraberindeki 16 \u00f6\u011frenci, \u0130E\u00dc\u2019n\u00fcn davetlisi olarak \u0130zmir\u2019e geldi. Kentin tarihi noktalar\u0131n\u0131 gezen Japon konuklar, Efes Antik Kenti ve Tarihi Kemeralt\u0131 \u00c7ar\u015f\u0131s\u0131\u2019nda bol bol vakit ge\u00e7irdi.<\/p>\n<p>Antalya\u2019daki konferansta sunulacak<br \/>\n<br \/>Ziyaret kapsam\u0131nda Japon \u00f6\u011frenciler, \u0130E\u00dc Tasar\u0131m \u00c7al\u0131\u015fmalar\u0131 Lisans\u00fcst\u00fc Program\u0131, \u0130\u00e7mimarl\u0131k ve \u00c7evre Tasar\u0131m\u0131 B\u00f6l\u00fcm\u00fc ile End\u00fcstriyel Tasar\u0131m B\u00f6l\u00fcm\u00fc ikinci, \u00fc\u00e7\u00fcnc\u00fc ve d\u00f6rd\u00fcnc\u00fc s\u0131n\u0131f \u00f6\u011frencileriyle bulu\u015ftu. T\u00fcrk ve Japon gen\u00e7ler, \u0130zmir K\u00fclt\u00fcr Sanat Fabrikas\u0131\u2019n\u0131n i\u00e7inde bulunan ve Resim Heykel M\u00fczesi olarak kullan\u0131lan binay\u0131, k\u00fct\u00fcphane olarak yeniden i\u015flevselle\u015ftiren \u00f6zel projeler tasarlad\u0131. Ekipler halinde \u00e7al\u0131\u015fan T\u00fcrk ve Japon gen\u00e7lerin haz\u0131rlad\u0131\u011f\u0131, yenilik\u00e7i ve \u00e7evreci \u00f6zellikleriyle dikkat \u00e7eken 5 proje, kas\u0131m ay\u0131nda Antalya\u2019da d\u00fczenlenecek uluslararas\u0131 bir konferansta sunulacak.<\/p>\n<p>&#8220;\u00d6\u011frenciler i\u00e7in f\u0131rsat&#8221;<br \/>\n<br \/>Projenin koordinat\u00f6r\u00fc, \u0130E\u00dc \u0130\u00e7mimarl\u0131k ve \u00c7evre Tasar\u0131m\u0131 B\u00f6l\u00fcm\u00fc \u00d6\u011fretim \u00dcyesi Prof. Dr. Deniz Has\u0131rc\u0131, T\u00fcrk ve Japon \u00f6\u011frencilerin uyum i\u00e7inde \u00e7al\u0131\u015farak ba\u015far\u0131l\u0131 tasar\u0131mlara imza att\u0131\u011f\u0131n\u0131 s\u00f6yledi. Japon \u00f6\u011frencilerin \u0130zmir\u2019i \u00e7ok sevdi\u011fini ifade eden Prof. Dr. Has\u0131rc\u0131, &#8220;Japon profes\u00f6r Kaname Yanagisawa ile 2004 y\u0131l\u0131nda Amerika Birle\u015fik Devletleri\u2019ndeki bir uluslararas\u0131 konferansta tan\u0131\u015fm\u0131\u015ft\u0131m. Dostlu\u011fumuz, o g\u00fcnden bu yana hi\u00e7 eksilmedi. 2006 y\u0131l\u0131nda \u0130E\u00dc\u2019de \u00e7al\u0131\u015fmaya ba\u015flad\u0131ktan sonra da i\u015f birli\u011fimizi, iki \u00fcniversite aras\u0131nda resmi bir noktaya ta\u015f\u0131d\u0131k. Uluslararas\u0131 \u0130li\u015fkiler Ofisi M\u00fcd\u00fcr\u00fc H\u00fclya \u0130ncekara, bu s\u00fcre\u00e7te bizlere \u00e7ok destek olarak profesyonel ve resmi ad\u0131mlar\u0131n at\u0131lmas\u0131n\u0131 sa\u011flad\u0131. \u015eimdiye kadar onlarca \u00f6\u011frencimiz, Chiba \u00dcniversitesi ile yapt\u0131\u011f\u0131m\u0131z de\u011fi\u015fim program\u0131 anla\u015fmas\u0131 sayesinde Japonya\u2019da e\u011fitim ald\u0131, staj yapt\u0131. Japon \u00f6\u011frenciler ve hocalar da \u00e7ok kez bizi ziyaret etti. Farkl\u0131 k\u00fclt\u00fcrleri tan\u0131yan \u00f6\u011frencilerimiz, kendilerini geli\u015ftirme ve uluslararas\u0131 alana a\u00e7\u0131lma f\u0131rsat\u0131 buldu&#8221; diye konu\u015ftu.<\/p>\n<p>&#8220;Uyum i\u00e7inde \u00e7al\u0131\u015ft\u0131lar&#8221;<br \/>\n<br \/>T\u00fcrk ve Japon k\u00fclt\u00fcr\u00fcn\u00fc \u0130E\u00dc\u2019de bulu\u015fturduklar\u0131na dikkat \u00e7eken Prof. Dr. Has\u0131rc\u0131, &#8220;\u0130zmir K\u00fclt\u00fcr Sanat Fabrikas\u0131, tarihi yap\u0131s\u0131yla da \u00f6n plana \u00e7\u0131kan, \u00e7ok \u00f6nemli bir nokta. Bu fabrikan\u0131n i\u00e7inde yer alan en \u00f6nemli binalardan biri de Resim Heykel M\u00fczesi olarak kullan\u0131l\u0131yor. Biz de \u00f6\u011frencilerimize, \u2018Bu m\u00fczenin i\u00e7inde yenilik\u00e7i bir k\u00fct\u00fcphane d\u00fc\u015f\u00fcnseydiniz, nas\u0131l bir tasar\u0131m yapmak isterdiniz?\u2019 sorusunu y\u00f6nelttik. \u00c7al\u0131\u015fmalarda, 16 T\u00fcrk ve 16 Japon \u00f6\u011frenci yer ald\u0131. Toplamda 32 gen\u00e7, muhte\u015fem bir uyum i\u00e7inde \u00e7al\u0131\u015ft\u0131. \u00d6nce alan\u0131 ve sanat eserlerini gezdiler, sonra birlikte d\u00fc\u015f\u00fcnd\u00fcler. En sonunda da tasar\u0131mlar\u0131n\u0131 titizlikle \u015fekillendirdiler. Profesyonel tasar\u0131mlar\u0131 aratmayacak kadar g\u00fczel \u00e7al\u0131\u015fmalara imza att\u0131lar. Bir sertifika t\u00f6reniyle s\u00fcreci tamamlad\u0131k ancak eminim ki dostluklar\u0131 s\u00fcrecektir. K\u0131sa zamanda, yarat\u0131c\u0131 ve yap\u0131 sekt\u00f6r\u00fcnde \u00e7ok ihtiyac\u0131m\u0131z olan do\u011fa dostu \u00e7\u00f6z\u00fcmler \u00fcreten t\u00fcm gen\u00e7leri kutluyorum&#8221; dedi.<\/p>\n<p>&#8220;\u00c7ok say\u0131da ki\u015finin eme\u011fi var&#8221;<br \/>\n<br \/>Projenin ger\u00e7ekle\u015fmesinde \u00e7ok say\u0131da ki\u015finin eme\u011finin oldu\u011funu belirten Prof. Dr. Has\u0131rc\u0131, &#8220;Etkinli\u011fin d\u00fczenlenmesinde Dekan\u0131m\u0131z Prof. Dr. Ender Yazgan Bulgun, Dekan Yard\u0131mc\u0131lar\u0131m\u0131z Do\u00e7. Dr. Onur Mengi ve Dr. \u00d6\u011fretim \u00dcyesi Ali Aslankan, B\u00f6l\u00fcm Ba\u015fkan\u0131m\u0131z Do\u00e7. Dr. Emre Erg\u00fcl ve organizasyon ekibinde yer alan Ara\u015ft\u0131rma G\u00f6revlileri Yasemin Albayrak Kutlay ve Elif G\u00fcndo\u011fdu, Dr. \u00d6\u011fretim \u00dcyesi \u0130dil Bak\u0131r K\u00fc\u00e7\u00fckkaya ile sekreterimiz \u0130pek Uyarer\u2019in \u00e7ok katk\u0131s\u0131 oldu. \u00d6\u011frencilerimizden de organizasyonda g\u00f6rev alanlar vard\u0131. Eme\u011fi ge\u00e7en herkese ve y\u0131llard\u0131r deste\u011fini esirgemeyen \u00fcniversitemiz y\u00f6netimine te\u015fekk\u00fcr ediyorum. Ayr\u0131ca; \u0130zmir K\u00fclt\u00fcr Sanat Fabrikas\u0131 M\u00fcd\u00fcr\u00fc Cengiz Topal\u2019a, M\u00fcd\u00fcr Yard\u0131mc\u0131s\u0131 Elif Erginer\u2019e ve \u0130zmir Resim Heykel M\u00fczesi M\u00fcd\u00fcr\u00fc Ay\u015fe F\u00fcruzan Caman\u2019a, bizlere verdikleri destekler i\u00e7in te\u015fekk\u00fcr ediyorum&#8221; ifadelerini kulland\u0131.<br \/><\/p>\n","protected":false},"excerpt":{"rendered":"<p>\u0130zmir Ekonomi \u00dcniversitesi\u2019nde (\u0130E\u00dc) bir araya gelen T\u00fcrk ve Japon \u00f6\u011frenciler, Alsancak\u2019taki \u0130zmir Resim Heykel M\u00fczesi binas\u0131n\u0131, \u2018do\u011fa dostu\u2019 k\u00fct\u00fcphane olarak yeniden tasarlad\u0131. 5 grup halinde bir hafta \u00e7al\u0131\u015fan 32 \u00f6\u011frencinin s\u00fcrd\u00fcr\u00fclebilirlik temas\u0131na vurgu yapan, palmiye a\u011fac\u0131 ve begonvil \u00e7i\u00e7e\u011fi fig\u00fcrlerinin yer ald\u0131\u011f\u0131, bol \u0131\u015f\u0131kl\u0131 ve estetik tasar\u0131mlar\u0131 b\u00fcy\u00fck be\u011feni toplad\u0131. \u0130zmir Ekonomi \u00dcniversitesi G\u00fczel&#8230;<\/p>\n","protected":false},"author":1,"featured_media":60051,"comment_status":"open","ping_status":"open","sticky":false,"template":"","format":"standard","meta":{"_crdt_document":"","footnotes":""},"categories":[1],"tags":[],"class_list":["post-60050","post","type-post","status-publish","format-standard","has-post-thumbnail","hentry","category-guncel"],"_links":{"self":[{"href":"https:\/\/www.egemtv.com\/index.php?rest_route=\/wp\/v2\/posts\/60050","targetHints":{"allow":["GET"]}}],"collection":[{"href":"https:\/\/www.egemtv.com\/index.php?rest_route=\/wp\/v2\/posts"}],"about":[{"href":"https:\/\/www.egemtv.com\/index.php?rest_route=\/wp\/v2\/types\/post"}],"author":[{"embeddable":true,"href":"https:\/\/www.egemtv.com\/index.php?rest_route=\/wp\/v2\/users\/1"}],"replies":[{"embeddable":true,"href":"https:\/\/www.egemtv.com\/index.php?rest_route=%2Fwp%2Fv2%2Fcomments&post=60050"}],"version-history":[{"count":1,"href":"https:\/\/www.egemtv.com\/index.php?rest_route=\/wp\/v2\/posts\/60050\/revisions"}],"predecessor-version":[{"id":60052,"href":"https:\/\/www.egemtv.com\/index.php?rest_route=\/wp\/v2\/posts\/60050\/revisions\/60052"}],"wp:featuredmedia":[{"embeddable":true,"href":"https:\/\/www.egemtv.com\/index.php?rest_route=\/wp\/v2\/media\/60051"}],"wp:attachment":[{"href":"https:\/\/www.egemtv.com\/index.php?rest_route=%2Fwp%2Fv2%2Fmedia&parent=60050"}],"wp:term":[{"taxonomy":"category","embeddable":true,"href":"https:\/\/www.egemtv.com\/index.php?rest_route=%2Fwp%2Fv2%2Fcategories&post=60050"},{"taxonomy":"post_tag","embeddable":true,"href":"https:\/\/www.egemtv.com\/index.php?rest_route=%2Fwp%2Fv2%2Ftags&post=60050"}],"curies":[{"name":"wp","href":"https:\/\/api.w.org\/{rel}","templated":true}]}}