{"id":60047,"date":"2025-10-08T10:55:02","date_gmt":"2025-10-08T07:55:02","guid":{"rendered":"https:\/\/www.egemtv.com\/?p=60047"},"modified":"2025-10-08T10:55:03","modified_gmt":"2025-10-08T07:55:03","slug":"minikler-orman-yanginlari-konusunda-bilgilendirildi","status":"publish","type":"post","link":"https:\/\/www.egemtv.com\/?p=60047","title":{"rendered":"Minikler orman yang\u0131nlar\u0131 konusunda bilgilendirildi"},"content":{"rendered":"<p>K\u00fctahya\u2019n\u0131n Simav il\u00e7esinde okul \u00f6ncesi \u00f6\u011frencilerine Orman \u0130\u015fletme \u015eefli\u011fi taraf\u0131ndan orman yang\u0131nlar\u0131yla ilgili temel bilgiler verildi.<br \/>\n<br \/>Simav Orman \u0130\u015fletme \u015eefli\u011fi, \u00d6zel Eflatun Okulu\u2019nun okul \u00f6ncesi \u00f6\u011frencilerini a\u011f\u0131rlad\u0131. Ziyaret de miniklere orman yang\u0131nlar\u0131yla ilgili temel bilgiler verildi. Ayr\u0131ca yang\u0131n s\u00f6nd\u00fcrme ara\u00e7 ve ekipmanlar\u0131 tan\u0131t\u0131larak, ormanlar\u0131n korunmas\u0131n\u0131n \u00f6nemi anlat\u0131ld\u0131. Etkinlik boyunca \u00f6\u011frenciler, orman \u00e7al\u0131\u015fanlar\u0131n\u0131n g\u00f6revlerini yak\u0131ndan g\u00f6zlemleme f\u0131rsat\u0131 buldu. E\u011fitici ve keyifli ge\u00e7en ziyaret, \u00e7ocuklar\u0131n do\u011fa sevgisini peki\u015ftirdi.<br \/><\/p>\n","protected":false},"excerpt":{"rendered":"<p>K\u00fctahya\u2019n\u0131n Simav il\u00e7esinde okul \u00f6ncesi \u00f6\u011frencilerine Orman \u0130\u015fletme \u015eefli\u011fi taraf\u0131ndan orman yang\u0131nlar\u0131yla ilgili temel bilgiler verildi. Simav Orman \u0130\u015fletme \u015eefli\u011fi, \u00d6zel Eflatun Okulu\u2019nun okul \u00f6ncesi \u00f6\u011frencilerini a\u011f\u0131rlad\u0131. Ziyaret de miniklere orman yang\u0131nlar\u0131yla ilgili temel bilgiler verildi. Ayr\u0131ca yang\u0131n s\u00f6nd\u00fcrme ara\u00e7 ve ekipmanlar\u0131 tan\u0131t\u0131larak, ormanlar\u0131n korunmas\u0131n\u0131n \u00f6nemi anlat\u0131ld\u0131. Etkinlik boyunca \u00f6\u011frenciler, orman \u00e7al\u0131\u015fanlar\u0131n\u0131n g\u00f6revlerini yak\u0131ndan g\u00f6zlemleme&#8230;<\/p>\n","protected":false},"author":1,"featured_media":60048,"comment_status":"open","ping_status":"open","sticky":false,"template":"","format":"standard","meta":{"_crdt_document":"","footnotes":""},"categories":[1],"tags":[],"class_list":["post-60047","post","type-post","status-publish","format-standard","has-post-thumbnail","hentry","category-guncel"],"_links":{"self":[{"href":"https:\/\/www.egemtv.com\/index.php?rest_route=\/wp\/v2\/posts\/60047","targetHints":{"allow":["GET"]}}],"collection":[{"href":"https:\/\/www.egemtv.com\/index.php?rest_route=\/wp\/v2\/posts"}],"about":[{"href":"https:\/\/www.egemtv.com\/index.php?rest_route=\/wp\/v2\/types\/post"}],"author":[{"embeddable":true,"href":"https:\/\/www.egemtv.com\/index.php?rest_route=\/wp\/v2\/users\/1"}],"replies":[{"embeddable":true,"href":"https:\/\/www.egemtv.com\/index.php?rest_route=%2Fwp%2Fv2%2Fcomments&post=60047"}],"version-history":[{"count":1,"href":"https:\/\/www.egemtv.com\/index.php?rest_route=\/wp\/v2\/posts\/60047\/revisions"}],"predecessor-version":[{"id":60049,"href":"https:\/\/www.egemtv.com\/index.php?rest_route=\/wp\/v2\/posts\/60047\/revisions\/60049"}],"wp:featuredmedia":[{"embeddable":true,"href":"https:\/\/www.egemtv.com\/index.php?rest_route=\/wp\/v2\/media\/60048"}],"wp:attachment":[{"href":"https:\/\/www.egemtv.com\/index.php?rest_route=%2Fwp%2Fv2%2Fmedia&parent=60047"}],"wp:term":[{"taxonomy":"category","embeddable":true,"href":"https:\/\/www.egemtv.com\/index.php?rest_route=%2Fwp%2Fv2%2Fcategories&post=60047"},{"taxonomy":"post_tag","embeddable":true,"href":"https:\/\/www.egemtv.com\/index.php?rest_route=%2Fwp%2Fv2%2Ftags&post=60047"}],"curies":[{"name":"wp","href":"https:\/\/api.w.org\/{rel}","templated":true}]}}