{"id":60041,"date":"2025-10-08T10:55:00","date_gmt":"2025-10-08T07:55:00","guid":{"rendered":"https:\/\/www.egemtv.com\/?p=60041"},"modified":"2025-10-08T10:55:01","modified_gmt":"2025-10-08T07:55:01","slug":"domanic-emniyet-kavsaginda-yine-kaza","status":"publish","type":"post","link":"https:\/\/www.egemtv.com\/?p=60041","title":{"rendered":"Domani\u00e7 Emniyet Kav\u015fa\u011f\u0131\u2019nda yine kaza"},"content":{"rendered":"<p>K\u00fctahya\u2019n\u0131n Domani\u00e7 il\u00e7esinde, yap\u0131ld\u0131\u011f\u0131 g\u00fcnden bu yana s\u0131k s\u0131k kazalarla g\u00fcndeme gelen Emniyet Kav\u015fa\u011f\u0131\u2019nda tekrar kaza ya\u015fand\u0131.<br \/>\n<br \/>Edinilen bilgilere g\u00f6re, Tav\u015fanl\u0131 istikametine seyir halinde olan hafif ticari ara\u00e7 ile Aksu y\u00f6n\u00fcnden gelip kav\u015faktan sola, Tav\u015fanl\u0131 y\u00f6n\u00fcne d\u00f6nmek isteyen otomobil \u00e7arp\u0131\u015ft\u0131. \u00c7arp\u0131\u015fman\u0131n etkisiyle her iki ara\u00e7ta da a\u011f\u0131r maddi hasar olu\u015ftu.<br \/>\n<br \/>Yaralanan\u0131n olmad\u0131\u011f\u0131 kazan\u0131n ard\u0131ndan, trafik bir s\u00fcre polis ekipleri kontrol\u00fcnde sa\u011fland\u0131.<br \/>\n<br \/>Vatanda\u015flar, s\u0131k s\u0131k kazalar\u0131n ya\u015fand\u0131\u011f\u0131 Emniyet Kav\u015fa\u011f\u0131\u2019nda gerekli d\u00fczenlemelerin yap\u0131lmas\u0131n\u0131 talep etti.<br \/><\/p>\n","protected":false},"excerpt":{"rendered":"<p>K\u00fctahya\u2019n\u0131n Domani\u00e7 il\u00e7esinde, yap\u0131ld\u0131\u011f\u0131 g\u00fcnden bu yana s\u0131k s\u0131k kazalarla g\u00fcndeme gelen Emniyet Kav\u015fa\u011f\u0131\u2019nda tekrar kaza ya\u015fand\u0131. Edinilen bilgilere g\u00f6re, Tav\u015fanl\u0131 istikametine seyir halinde olan hafif ticari ara\u00e7 ile Aksu y\u00f6n\u00fcnden gelip kav\u015faktan sola, Tav\u015fanl\u0131 y\u00f6n\u00fcne d\u00f6nmek isteyen otomobil \u00e7arp\u0131\u015ft\u0131. \u00c7arp\u0131\u015fman\u0131n etkisiyle her iki ara\u00e7ta da a\u011f\u0131r maddi hasar olu\u015ftu. Yaralanan\u0131n olmad\u0131\u011f\u0131 kazan\u0131n ard\u0131ndan, trafik&#8230;<\/p>\n","protected":false},"author":1,"featured_media":60042,"comment_status":"open","ping_status":"open","sticky":false,"template":"","format":"standard","meta":{"_crdt_document":"","footnotes":""},"categories":[5],"tags":[],"class_list":["post-60041","post","type-post","status-publish","format-standard","has-post-thumbnail","hentry","category-asayis"],"_links":{"self":[{"href":"https:\/\/www.egemtv.com\/index.php?rest_route=\/wp\/v2\/posts\/60041","targetHints":{"allow":["GET"]}}],"collection":[{"href":"https:\/\/www.egemtv.com\/index.php?rest_route=\/wp\/v2\/posts"}],"about":[{"href":"https:\/\/www.egemtv.com\/index.php?rest_route=\/wp\/v2\/types\/post"}],"author":[{"embeddable":true,"href":"https:\/\/www.egemtv.com\/index.php?rest_route=\/wp\/v2\/users\/1"}],"replies":[{"embeddable":true,"href":"https:\/\/www.egemtv.com\/index.php?rest_route=%2Fwp%2Fv2%2Fcomments&post=60041"}],"version-history":[{"count":1,"href":"https:\/\/www.egemtv.com\/index.php?rest_route=\/wp\/v2\/posts\/60041\/revisions"}],"predecessor-version":[{"id":60043,"href":"https:\/\/www.egemtv.com\/index.php?rest_route=\/wp\/v2\/posts\/60041\/revisions\/60043"}],"wp:featuredmedia":[{"embeddable":true,"href":"https:\/\/www.egemtv.com\/index.php?rest_route=\/wp\/v2\/media\/60042"}],"wp:attachment":[{"href":"https:\/\/www.egemtv.com\/index.php?rest_route=%2Fwp%2Fv2%2Fmedia&parent=60041"}],"wp:term":[{"taxonomy":"category","embeddable":true,"href":"https:\/\/www.egemtv.com\/index.php?rest_route=%2Fwp%2Fv2%2Fcategories&post=60041"},{"taxonomy":"post_tag","embeddable":true,"href":"https:\/\/www.egemtv.com\/index.php?rest_route=%2Fwp%2Fv2%2Ftags&post=60041"}],"curies":[{"name":"wp","href":"https:\/\/api.w.org\/{rel}","templated":true}]}}