{"id":60038,"date":"2025-10-08T10:54:59","date_gmt":"2025-10-08T07:54:59","guid":{"rendered":"https:\/\/www.egemtv.com\/?p=60038"},"modified":"2025-10-08T10:55:00","modified_gmt":"2025-10-08T07:55:00","slug":"kutahya-igm-ekim-ayi-calismalari-sona-erdi","status":"publish","type":"post","link":"https:\/\/www.egemtv.com\/?p=60038","title":{"rendered":"K\u00fctahya \u0130GM ekim ay\u0131 \u00e7al\u0131\u015fmalar\u0131 sona erdi"},"content":{"rendered":"<p>K\u00fctahya \u0130l Genel Meclisi (\u0130GM) ekim ay\u0131 toplant\u0131lar\u0131n\u0131n sona erdi\u011fi bildirildi.<br \/>\n<br \/>1 Ekim \u00c7ar\u015famba g\u00fcn\u00fc ba\u015flayan Ekim ay\u0131 \u0130l Genel Meclisi toplant\u0131lar\u0131n\u0131n sonuncusu 7 Ekim Sal\u0131 g\u00fcn\u00fc \u0130l Genel Meclisi Ba\u015fkan\u0131 Muammer \u00d6zcura Ba\u015fkanl\u0131\u011f\u0131nda yap\u0131ld\u0131.<br \/>\n<br \/>\u0130l Genel Meclisi\u2019nin Ekim ay\u0131 son toplant\u0131s\u0131 g\u00fcndemdeki konular\u0131n g\u00f6r\u00fc\u015f\u00fclerek karara ba\u011flanmas\u0131n\u0131n ard\u0131ndan sona erdi<br \/><\/p>\n","protected":false},"excerpt":{"rendered":"<p>K\u00fctahya \u0130l Genel Meclisi (\u0130GM) ekim ay\u0131 toplant\u0131lar\u0131n\u0131n sona erdi\u011fi bildirildi. 1 Ekim \u00c7ar\u015famba g\u00fcn\u00fc ba\u015flayan Ekim ay\u0131 \u0130l Genel Meclisi toplant\u0131lar\u0131n\u0131n sonuncusu 7 Ekim Sal\u0131 g\u00fcn\u00fc \u0130l Genel Meclisi Ba\u015fkan\u0131 Muammer \u00d6zcura Ba\u015fkanl\u0131\u011f\u0131nda yap\u0131ld\u0131. \u0130l Genel Meclisi\u2019nin Ekim ay\u0131 son toplant\u0131s\u0131 g\u00fcndemdeki konular\u0131n g\u00f6r\u00fc\u015f\u00fclerek karara ba\u011flanmas\u0131n\u0131n ard\u0131ndan sona erdi<\/p>\n","protected":false},"author":1,"featured_media":60039,"comment_status":"open","ping_status":"open","sticky":false,"template":"","format":"standard","meta":{"_crdt_document":"","footnotes":""},"categories":[125],"tags":[],"class_list":["post-60038","post","type-post","status-publish","format-standard","has-post-thumbnail","hentry","category-ekonomi"],"_links":{"self":[{"href":"https:\/\/www.egemtv.com\/index.php?rest_route=\/wp\/v2\/posts\/60038","targetHints":{"allow":["GET"]}}],"collection":[{"href":"https:\/\/www.egemtv.com\/index.php?rest_route=\/wp\/v2\/posts"}],"about":[{"href":"https:\/\/www.egemtv.com\/index.php?rest_route=\/wp\/v2\/types\/post"}],"author":[{"embeddable":true,"href":"https:\/\/www.egemtv.com\/index.php?rest_route=\/wp\/v2\/users\/1"}],"replies":[{"embeddable":true,"href":"https:\/\/www.egemtv.com\/index.php?rest_route=%2Fwp%2Fv2%2Fcomments&post=60038"}],"version-history":[{"count":1,"href":"https:\/\/www.egemtv.com\/index.php?rest_route=\/wp\/v2\/posts\/60038\/revisions"}],"predecessor-version":[{"id":60040,"href":"https:\/\/www.egemtv.com\/index.php?rest_route=\/wp\/v2\/posts\/60038\/revisions\/60040"}],"wp:featuredmedia":[{"embeddable":true,"href":"https:\/\/www.egemtv.com\/index.php?rest_route=\/wp\/v2\/media\/60039"}],"wp:attachment":[{"href":"https:\/\/www.egemtv.com\/index.php?rest_route=%2Fwp%2Fv2%2Fmedia&parent=60038"}],"wp:term":[{"taxonomy":"category","embeddable":true,"href":"https:\/\/www.egemtv.com\/index.php?rest_route=%2Fwp%2Fv2%2Fcategories&post=60038"},{"taxonomy":"post_tag","embeddable":true,"href":"https:\/\/www.egemtv.com\/index.php?rest_route=%2Fwp%2Fv2%2Ftags&post=60038"}],"curies":[{"name":"wp","href":"https:\/\/api.w.org\/{rel}","templated":true}]}}