{"id":60035,"date":"2025-10-08T10:34:53","date_gmt":"2025-10-08T07:34:53","guid":{"rendered":"https:\/\/www.egemtv.com\/?p=60035"},"modified":"2025-10-08T10:34:54","modified_gmt":"2025-10-08T07:34:54","slug":"kusadasi-kardes-sehirler-genclik-toplantisi-basladi","status":"publish","type":"post","link":"https:\/\/www.egemtv.com\/?p=60035","title":{"rendered":"Ku\u015fadas\u0131 Karde\u015f \u015eehirler Gen\u00e7lik Toplant\u0131s\u0131 ba\u015flad\u0131"},"content":{"rendered":"<p>Ku\u015fadas\u0131 Belediyesi\u2019nin ev sahipli\u011finde d\u00fczenlenen ve T\u00fcrkiye de dahil 8 \u00fclkeden 15-18 ya\u015f aras\u0131 \u00f6\u011frencilerin yer ald\u0131\u011f\u0131 \u2018Ku\u015fadas\u0131 Karde\u015f \u015eehirler Gen\u00e7lik Toplant\u0131s\u0131\u2019 ba\u015flad\u0131. Bir hafta s\u00fcrecek olan etkinlikle gen\u00e7 kat\u0131l\u0131mc\u0131lar aras\u0131nda k\u00fclt\u00fcrleraras\u0131 diyalo\u011fun art\u0131r\u0131lmas\u0131 hedefleniyor.<\/p>\n<p>Ku\u015fadas\u0131 Karde\u015f \u015eehirler Gen\u00e7lik Toplant\u0131s\u0131\u2019na Almanya, H\u0131rvatistan, Bosna Hersek, Romanya, Ukrayna, Macaristan, G\u00fcrcistan ve T\u00fcrkiye\u2019den toplam 36 \u00f6\u011frenci kat\u0131ld\u0131. Etkinli\u011fin ilk g\u00fcn\u00fcnde \u0130stasyon Ku\u015fadas\u0131 Topluluk Merkezi\u2019nde \u00f6\u011frenciler i\u00e7in kendilerini tan\u0131tan ve ya\u015fad\u0131klar\u0131 \u015fehri anlatan k\u0131sa videolar\u0131n g\u00f6sterildi\u011fi tan\u0131\u015fma program\u0131 d\u00fczenlendi. Daha sonra \u00f6\u011frencilere ger\u00e7ekle\u015ftirilen at\u00f6lye \u00e7al\u0131\u015fmas\u0131nda T\u00fcrk\u00e7e\u2019nin dil yap\u0131s\u0131 ve incelikleri anlat\u0131ld\u0131. Program\u0131n son b\u00f6l\u00fcm\u00fcndeyse \u00f6\u011frencilere Ku\u015fadas\u0131 Belediyesi Halk Danslar\u0131 Akademisi Spor Kul\u00fcb\u00fc (KU\u015eADANS) e\u011fitmeni \u0130mdat Demir taraf\u0131ndan farkl\u0131 y\u00f6relere ait halk danslar\u0131 g\u00f6sterildi.<\/p>\n<p>Ku\u015fadas\u0131\u2019nda bir hafta boyunca s\u00fcrecek olan etkinlikle, farkl\u0131 \u00fclkelerden kente gelen gen\u00e7 kat\u0131l\u0131mc\u0131lar aras\u0131nda k\u00fclt\u00fcrleraras\u0131 diyalo\u011fun art\u0131r\u0131lmas\u0131 hedefleniyor. Toplumsal b\u00fct\u00fcnle\u015fmeyi ve dayan\u0131\u015fmay\u0131 te\u015fvik etmeyi de ama\u00e7layan etkinlikte d\u00fczenlenecek sanatsal ve tematik at\u00f6lyelerde \u00f6\u011frenciler ortak de\u011ferler \u00fcretme f\u0131rsat\u0131 da bulacak. \u00d6\u011frenciler ayr\u0131ca Ku\u015fadas\u0131\u2019n\u0131n turistik rotalar\u0131na yapacaklar\u0131 gezilerle de kenti yak\u0131ndan tan\u0131yacak.<br \/><\/p>\n","protected":false},"excerpt":{"rendered":"<p>Ku\u015fadas\u0131 Belediyesi\u2019nin ev sahipli\u011finde d\u00fczenlenen ve T\u00fcrkiye de dahil 8 \u00fclkeden 15-18 ya\u015f aras\u0131 \u00f6\u011frencilerin yer ald\u0131\u011f\u0131 \u2018Ku\u015fadas\u0131 Karde\u015f \u015eehirler Gen\u00e7lik Toplant\u0131s\u0131\u2019 ba\u015flad\u0131. Bir hafta s\u00fcrecek olan etkinlikle gen\u00e7 kat\u0131l\u0131mc\u0131lar aras\u0131nda k\u00fclt\u00fcrleraras\u0131 diyalo\u011fun art\u0131r\u0131lmas\u0131 hedefleniyor. Ku\u015fadas\u0131 Karde\u015f \u015eehirler Gen\u00e7lik Toplant\u0131s\u0131\u2019na Almanya, H\u0131rvatistan, Bosna Hersek, Romanya, Ukrayna, Macaristan, G\u00fcrcistan ve T\u00fcrkiye\u2019den toplam 36 \u00f6\u011frenci kat\u0131ld\u0131. Etkinli\u011fin&#8230;<\/p>\n","protected":false},"author":1,"featured_media":60036,"comment_status":"open","ping_status":"open","sticky":false,"template":"","format":"standard","meta":{"_crdt_document":"","footnotes":""},"categories":[1],"tags":[],"class_list":["post-60035","post","type-post","status-publish","format-standard","has-post-thumbnail","hentry","category-guncel"],"_links":{"self":[{"href":"https:\/\/www.egemtv.com\/index.php?rest_route=\/wp\/v2\/posts\/60035","targetHints":{"allow":["GET"]}}],"collection":[{"href":"https:\/\/www.egemtv.com\/index.php?rest_route=\/wp\/v2\/posts"}],"about":[{"href":"https:\/\/www.egemtv.com\/index.php?rest_route=\/wp\/v2\/types\/post"}],"author":[{"embeddable":true,"href":"https:\/\/www.egemtv.com\/index.php?rest_route=\/wp\/v2\/users\/1"}],"replies":[{"embeddable":true,"href":"https:\/\/www.egemtv.com\/index.php?rest_route=%2Fwp%2Fv2%2Fcomments&post=60035"}],"version-history":[{"count":1,"href":"https:\/\/www.egemtv.com\/index.php?rest_route=\/wp\/v2\/posts\/60035\/revisions"}],"predecessor-version":[{"id":60037,"href":"https:\/\/www.egemtv.com\/index.php?rest_route=\/wp\/v2\/posts\/60035\/revisions\/60037"}],"wp:featuredmedia":[{"embeddable":true,"href":"https:\/\/www.egemtv.com\/index.php?rest_route=\/wp\/v2\/media\/60036"}],"wp:attachment":[{"href":"https:\/\/www.egemtv.com\/index.php?rest_route=%2Fwp%2Fv2%2Fmedia&parent=60035"}],"wp:term":[{"taxonomy":"category","embeddable":true,"href":"https:\/\/www.egemtv.com\/index.php?rest_route=%2Fwp%2Fv2%2Fcategories&post=60035"},{"taxonomy":"post_tag","embeddable":true,"href":"https:\/\/www.egemtv.com\/index.php?rest_route=%2Fwp%2Fv2%2Ftags&post=60035"}],"curies":[{"name":"wp","href":"https:\/\/api.w.org\/{rel}","templated":true}]}}