{"id":60032,"date":"2025-10-08T10:34:52","date_gmt":"2025-10-08T07:34:52","guid":{"rendered":"https:\/\/www.egemtv.com\/?p=60032"},"modified":"2025-10-08T10:34:53","modified_gmt":"2025-10-08T07:34:53","slug":"izmirde-21-yilla-aranan-hirsiz-yakalandi","status":"publish","type":"post","link":"https:\/\/www.egemtv.com\/?p=60032","title":{"rendered":"\u0130zmir\u2019de 21 y\u0131lla aranan h\u0131rs\u0131z yakaland\u0131"},"content":{"rendered":"<p>\u0130zmir\u2019in Bornova il\u00e7esinde hakk\u0131nda 21 y\u0131l 4 ay kesinle\u015fmi\u015f hapis cezas\u0131 ile aran firari h\u0131rs\u0131z, polis ekipleri taraf\u0131ndan yakaland\u0131.<br \/>\n<br \/>\u0130l Emniyet M\u00fcd\u00fcrl\u00fc\u011f\u00fcne ba\u011fl\u0131 Asayi\u015f \u015eube M\u00fcd\u00fcrl\u00fc\u011f\u00fc Motosikletli Polis Timleri, d\u00fcn ak\u015fam saatlerinde Bornova il\u00e7esinde durumundan \u015f\u00fcphelendikleri \u015fahs\u0131 durdurdu. \u015e\u00fcphelinin &#8220;Bina i\u00e7inde muhafaza alt\u0131na al\u0131nm\u0131\u015f olan e\u015fya hakk\u0131nda h\u0131rs\u0131zl\u0131k&#8221; su\u00e7undan 21 y\u0131l 4 ay g\u00fcn kesinle\u015fmi\u015f hapis cezas\u0131yla aranan A.S. oldu\u011fu belirlendi. Ekipler taraf\u0131ndan g\u00f6zalt\u0131na al\u0131nan A.S., emniyetteki i\u015flemlerin ard\u0131ndan sevk edildi\u011fi adli mercilerce cezaevine g\u00f6nderildi.<br \/><\/p>\n","protected":false},"excerpt":{"rendered":"<p>\u0130zmir\u2019in Bornova il\u00e7esinde hakk\u0131nda 21 y\u0131l 4 ay kesinle\u015fmi\u015f hapis cezas\u0131 ile aran firari h\u0131rs\u0131z, polis ekipleri taraf\u0131ndan yakaland\u0131. \u0130l Emniyet M\u00fcd\u00fcrl\u00fc\u011f\u00fcne ba\u011fl\u0131 Asayi\u015f \u015eube M\u00fcd\u00fcrl\u00fc\u011f\u00fc Motosikletli Polis Timleri, d\u00fcn ak\u015fam saatlerinde Bornova il\u00e7esinde durumundan \u015f\u00fcphelendikleri \u015fahs\u0131 durdurdu. \u015e\u00fcphelinin &#8220;Bina i\u00e7inde muhafaza alt\u0131na al\u0131nm\u0131\u015f olan e\u015fya hakk\u0131nda h\u0131rs\u0131zl\u0131k&#8221; su\u00e7undan 21 y\u0131l 4 ay g\u00fcn kesinle\u015fmi\u015f&#8230;<\/p>\n","protected":false},"author":1,"featured_media":60033,"comment_status":"open","ping_status":"open","sticky":false,"template":"","format":"standard","meta":{"_crdt_document":"","footnotes":""},"categories":[5],"tags":[],"class_list":["post-60032","post","type-post","status-publish","format-standard","has-post-thumbnail","hentry","category-asayis"],"_links":{"self":[{"href":"https:\/\/www.egemtv.com\/index.php?rest_route=\/wp\/v2\/posts\/60032","targetHints":{"allow":["GET"]}}],"collection":[{"href":"https:\/\/www.egemtv.com\/index.php?rest_route=\/wp\/v2\/posts"}],"about":[{"href":"https:\/\/www.egemtv.com\/index.php?rest_route=\/wp\/v2\/types\/post"}],"author":[{"embeddable":true,"href":"https:\/\/www.egemtv.com\/index.php?rest_route=\/wp\/v2\/users\/1"}],"replies":[{"embeddable":true,"href":"https:\/\/www.egemtv.com\/index.php?rest_route=%2Fwp%2Fv2%2Fcomments&post=60032"}],"version-history":[{"count":1,"href":"https:\/\/www.egemtv.com\/index.php?rest_route=\/wp\/v2\/posts\/60032\/revisions"}],"predecessor-version":[{"id":60034,"href":"https:\/\/www.egemtv.com\/index.php?rest_route=\/wp\/v2\/posts\/60032\/revisions\/60034"}],"wp:featuredmedia":[{"embeddable":true,"href":"https:\/\/www.egemtv.com\/index.php?rest_route=\/wp\/v2\/media\/60033"}],"wp:attachment":[{"href":"https:\/\/www.egemtv.com\/index.php?rest_route=%2Fwp%2Fv2%2Fmedia&parent=60032"}],"wp:term":[{"taxonomy":"category","embeddable":true,"href":"https:\/\/www.egemtv.com\/index.php?rest_route=%2Fwp%2Fv2%2Fcategories&post=60032"},{"taxonomy":"post_tag","embeddable":true,"href":"https:\/\/www.egemtv.com\/index.php?rest_route=%2Fwp%2Fv2%2Ftags&post=60032"}],"curies":[{"name":"wp","href":"https:\/\/api.w.org\/{rel}","templated":true}]}}