{"id":60029,"date":"2025-10-08T10:34:51","date_gmt":"2025-10-08T07:34:51","guid":{"rendered":"https:\/\/www.egemtv.com\/?p=60029"},"modified":"2025-10-08T10:34:52","modified_gmt":"2025-10-08T07:34:52","slug":"ispartali-minikler-gazze-icin-tek-yurek-oldular","status":"publish","type":"post","link":"https:\/\/www.egemtv.com\/?p=60029","title":{"rendered":"Ispartal\u0131 minikler \u2019Gazze\u2019 i\u00e7in tek y\u00fcrek oldular"},"content":{"rendered":"<p>Mill\u00ee E\u011fitim Bakan\u0131 Yusuf Tekin\u2019in imzas\u0131yla 81 ile g\u00f6nderilen yaz\u0131 kapsam\u0131nda, Isparta genelindeki t\u00fcm okullarda &#8220;Filistin ve Gazze&#8221; temal\u0131 fark\u0131ndal\u0131k etkinlikleri ger\u00e7ekle\u015ftirildi. \u00d6\u011frenciler, adalet, \u00f6zg\u00fcrl\u00fck ve insan haklar\u0131 \u00fczerine d\u00fc\u015f\u00fcncelerini payla\u015ft\u0131. Etkinliklerde \u00f6\u011frenciler, &#8220;Gazze&#8221; yaz\u0131l\u0131 koreografi olu\u015fturarak dron ile g\u00f6r\u00fcnt\u00fclendi, baz\u0131 \u00f6\u011frenciler Filistin bayraklar\u0131yla e\u015flik ederken baz\u0131lar\u0131 da Gazze\u2019deki \u00e7ocuklar i\u00e7in resimler \u00e7izdi.<\/p>\n<p>Mill\u00ee E\u011fitim Bakan\u0131 Yusuf Tekin\u2019in imzas\u0131yla 81 ile g\u00f6nderilen resm\u00ee yaz\u0131 do\u011frultusunda, Isparta genelindeki t\u00fcm okullarda e\u015f zamanl\u0131 olarak &#8220;Filistin ve Gazze&#8221; temal\u0131 fark\u0131ndal\u0131k etkinlikleri ger\u00e7ekle\u015ftirildi. T\u00fcrkiye Y\u00fczy\u0131l\u0131 Maarif Modeli\u2019nin merkezinde yer alan &#8220;Erdem\u2013De\u011fer\u2013Eylem&#8221; yakla\u015f\u0131m\u0131 kapsam\u0131nda d\u00fczenlenen etkinliklerde \u00f6\u011frenciler, insan haklar\u0131, adalet, \u00f6zg\u00fcrl\u00fck, ya\u015fama hakk\u0131 ve insan onuru gibi evrensel de\u011ferler \u00fczerine d\u00fc\u015f\u00fcncelerini ifade etti.<\/p>\n<p>\u00d6\u011frencilerden bar\u0131\u015f ve dayan\u0131\u015fma mesaj\u0131<br \/>\n<br \/>\u0130l Mill\u00ee E\u011fitim M\u00fcd\u00fcr\u00fc Recai Ocak da ger\u00e7ekle\u015ftirilen programa kat\u0131larak \u00f6\u011frencilerle birlikte fark\u0131ndal\u0131k \u00e7al\u0131\u015fmalar\u0131na destek verdi. Etkinlikler kapsam\u0131nda \u00f6\u011frenciler taraf\u0131ndan afi\u015fler haz\u0131rland\u0131, \u015fiirler okundu, dualar edildi, ayr\u0131ca resim \u00e7al\u0131\u015fmalar\u0131 ve tematik pano uygulamalar\u0131yla Filistin\u2019de ya\u015fananlara dikkat \u00e7ekildi. Etkinliklerin en anlaml\u0131 anlar\u0131ndan biri ise yakla\u015f\u0131k 100 \u00f6\u011frencinin olu\u015fturdu\u011fu &#8220;Gazze&#8221; yaz\u0131l\u0131 koreografi oldu. Dron ile g\u00f6r\u00fcnt\u00fclenen bu anlaml\u0131 koreografiye, ellerinde Filistin bayraklar\u0131yla kat\u0131lan \u00f6\u011frenciler e\u015flik etti. Baz\u0131 \u00f6\u011frenciler Gazze\u2019deki \u00e7ocuklar i\u00e7in resimler \u00e7izerken, baz\u0131lar\u0131 da bar\u0131\u015f ve dayan\u0131\u015fma mesajlar\u0131 i\u00e7eren s\u00f6zlerle duygular\u0131n\u0131 ifade etti. E\u011fitim camias\u0131, mazlum co\u011frafyalarda ya\u015fanan ac\u0131lara duyars\u0131z kalmayarak, \u00e7ocuklar\u0131n bar\u0131\u015f i\u00e7inde ya\u015fayabilece\u011fi bir d\u00fcnya i\u00e7in birlik mesaj\u0131 verdi.<\/p>\n<p>Erdemli e\u011fitim anlay\u0131\u015f\u0131n\u0131n g\u00fc\u00e7l\u00fc bir yans\u0131mas\u0131<br \/>\n<br \/>Protokol \u00fcyeleri, yap\u0131lan bu \u00e7al\u0131\u015fmalar\u0131n sadece bir fark\u0131ndal\u0131k etkinli\u011fi de\u011fil, erdemli bir e\u011fitim anlay\u0131\u015f\u0131n\u0131n somut yans\u0131mas\u0131 oldu\u011funu vurgulad\u0131. Program sonunda \u0130l Mill\u00ee E\u011fitim M\u00fcd\u00fcrl\u00fc\u011f\u00fc, etkinli\u011fe katk\u0131 sunan t\u00fcm idarecilere, \u00f6\u011fretmenlere ve anlaml\u0131 duru\u015f sergileyen \u00f6\u011frencilere te\u015fekk\u00fcr etti.<br \/><\/p>\n","protected":false},"excerpt":{"rendered":"<p>Mill\u00ee E\u011fitim Bakan\u0131 Yusuf Tekin\u2019in imzas\u0131yla 81 ile g\u00f6nderilen yaz\u0131 kapsam\u0131nda, Isparta genelindeki t\u00fcm okullarda &#8220;Filistin ve Gazze&#8221; temal\u0131 fark\u0131ndal\u0131k etkinlikleri ger\u00e7ekle\u015ftirildi. \u00d6\u011frenciler, adalet, \u00f6zg\u00fcrl\u00fck ve insan haklar\u0131 \u00fczerine d\u00fc\u015f\u00fcncelerini payla\u015ft\u0131. Etkinliklerde \u00f6\u011frenciler, &#8220;Gazze&#8221; yaz\u0131l\u0131 koreografi olu\u015fturarak dron ile g\u00f6r\u00fcnt\u00fclendi, baz\u0131 \u00f6\u011frenciler Filistin bayraklar\u0131yla e\u015flik ederken baz\u0131lar\u0131 da Gazze\u2019deki \u00e7ocuklar i\u00e7in resimler \u00e7izdi. Mill\u00ee E\u011fitim&#8230;<\/p>\n","protected":false},"author":1,"featured_media":60030,"comment_status":"open","ping_status":"open","sticky":false,"template":"","format":"standard","meta":{"_crdt_document":"","footnotes":""},"categories":[123],"tags":[],"class_list":["post-60029","post","type-post","status-publish","format-standard","has-post-thumbnail","hentry","category-gundem"],"_links":{"self":[{"href":"https:\/\/www.egemtv.com\/index.php?rest_route=\/wp\/v2\/posts\/60029","targetHints":{"allow":["GET"]}}],"collection":[{"href":"https:\/\/www.egemtv.com\/index.php?rest_route=\/wp\/v2\/posts"}],"about":[{"href":"https:\/\/www.egemtv.com\/index.php?rest_route=\/wp\/v2\/types\/post"}],"author":[{"embeddable":true,"href":"https:\/\/www.egemtv.com\/index.php?rest_route=\/wp\/v2\/users\/1"}],"replies":[{"embeddable":true,"href":"https:\/\/www.egemtv.com\/index.php?rest_route=%2Fwp%2Fv2%2Fcomments&post=60029"}],"version-history":[{"count":1,"href":"https:\/\/www.egemtv.com\/index.php?rest_route=\/wp\/v2\/posts\/60029\/revisions"}],"predecessor-version":[{"id":60031,"href":"https:\/\/www.egemtv.com\/index.php?rest_route=\/wp\/v2\/posts\/60029\/revisions\/60031"}],"wp:featuredmedia":[{"embeddable":true,"href":"https:\/\/www.egemtv.com\/index.php?rest_route=\/wp\/v2\/media\/60030"}],"wp:attachment":[{"href":"https:\/\/www.egemtv.com\/index.php?rest_route=%2Fwp%2Fv2%2Fmedia&parent=60029"}],"wp:term":[{"taxonomy":"category","embeddable":true,"href":"https:\/\/www.egemtv.com\/index.php?rest_route=%2Fwp%2Fv2%2Fcategories&post=60029"},{"taxonomy":"post_tag","embeddable":true,"href":"https:\/\/www.egemtv.com\/index.php?rest_route=%2Fwp%2Fv2%2Ftags&post=60029"}],"curies":[{"name":"wp","href":"https:\/\/api.w.org\/{rel}","templated":true}]}}