{"id":60026,"date":"2025-10-08T10:14:55","date_gmt":"2025-10-08T07:14:55","guid":{"rendered":"https:\/\/www.egemtv.com\/?p=60026"},"modified":"2025-10-08T10:14:56","modified_gmt":"2025-10-08T07:14:56","slug":"ihtiyac-sahipleri-icin-birakilan-canta-ekipleri-harekete-gecirdi","status":"publish","type":"post","link":"https:\/\/www.egemtv.com\/?p=60026","title":{"rendered":"\u0130htiya\u00e7 sahipleri i\u00e7in b\u0131rak\u0131lan \u00e7anta, ekipleri harekete ge\u00e7irdi"},"content":{"rendered":"<p>Ayd\u0131n\u2019\u0131n Efeler il\u00e7esinde bir \u00e7\u00f6p konteynerinin yan\u0131na ihtiya\u00e7 sahibi vatanda\u015flar\u0131n almas\u0131 i\u00e7in b\u0131rak\u0131lan k\u0131yafet dolu \u00e7anta, ekipleri harekete ge\u00e7irdi.<\/p>\n<p>Olay, Me\u015frutiyet Mahallesi 2077 Sokak \u00fczerinde meydana geldi. Edinilen bilgiye g\u00f6re b\u00f6lgedeki vatanda\u015flar bir \u00e7\u00f6p konteynerinin yan\u0131nda \u015f\u00fcpheli bir \u00e7anta oldu\u011funu fark etti. Uzun s\u00fcre takip eden vatanda\u015flar, \u00e7antay\u0131 almaya gelen olmay\u0131nca tedbir ama\u00e7l\u0131 durumu 112 Acil \u00c7a\u011fr\u0131 Merkezi\u2019ne bildirdi. \u0130hbar \u00fczerine b\u00f6lgeye polis ekipleri sevk edildi. K\u0131sa s\u00fcrede b\u00f6lgeye gelen ekipler, b\u00f6lgede g\u00fcvenlik \u00f6nlemi ald\u0131. Fermuar\u0131 a\u00e7\u0131k olan \u00e7antay\u0131 ekipler incelerken, \u00e7antadan k\u0131yafetler \u00e7\u0131kt\u0131.<br \/><\/p>\n","protected":false},"excerpt":{"rendered":"<p>Ayd\u0131n\u2019\u0131n Efeler il\u00e7esinde bir \u00e7\u00f6p konteynerinin yan\u0131na ihtiya\u00e7 sahibi vatanda\u015flar\u0131n almas\u0131 i\u00e7in b\u0131rak\u0131lan k\u0131yafet dolu \u00e7anta, ekipleri harekete ge\u00e7irdi. Olay, Me\u015frutiyet Mahallesi 2077 Sokak \u00fczerinde meydana geldi. Edinilen bilgiye g\u00f6re b\u00f6lgedeki vatanda\u015flar bir \u00e7\u00f6p konteynerinin yan\u0131nda \u015f\u00fcpheli bir \u00e7anta oldu\u011funu fark etti. Uzun s\u00fcre takip eden vatanda\u015flar, \u00e7antay\u0131 almaya gelen olmay\u0131nca tedbir ama\u00e7l\u0131 durumu 112&#8230;<\/p>\n","protected":false},"author":1,"featured_media":60027,"comment_status":"open","ping_status":"open","sticky":false,"template":"","format":"standard","meta":{"_crdt_document":"","footnotes":""},"categories":[5],"tags":[],"class_list":["post-60026","post","type-post","status-publish","format-standard","has-post-thumbnail","hentry","category-asayis"],"_links":{"self":[{"href":"https:\/\/www.egemtv.com\/index.php?rest_route=\/wp\/v2\/posts\/60026","targetHints":{"allow":["GET"]}}],"collection":[{"href":"https:\/\/www.egemtv.com\/index.php?rest_route=\/wp\/v2\/posts"}],"about":[{"href":"https:\/\/www.egemtv.com\/index.php?rest_route=\/wp\/v2\/types\/post"}],"author":[{"embeddable":true,"href":"https:\/\/www.egemtv.com\/index.php?rest_route=\/wp\/v2\/users\/1"}],"replies":[{"embeddable":true,"href":"https:\/\/www.egemtv.com\/index.php?rest_route=%2Fwp%2Fv2%2Fcomments&post=60026"}],"version-history":[{"count":1,"href":"https:\/\/www.egemtv.com\/index.php?rest_route=\/wp\/v2\/posts\/60026\/revisions"}],"predecessor-version":[{"id":60028,"href":"https:\/\/www.egemtv.com\/index.php?rest_route=\/wp\/v2\/posts\/60026\/revisions\/60028"}],"wp:featuredmedia":[{"embeddable":true,"href":"https:\/\/www.egemtv.com\/index.php?rest_route=\/wp\/v2\/media\/60027"}],"wp:attachment":[{"href":"https:\/\/www.egemtv.com\/index.php?rest_route=%2Fwp%2Fv2%2Fmedia&parent=60026"}],"wp:term":[{"taxonomy":"category","embeddable":true,"href":"https:\/\/www.egemtv.com\/index.php?rest_route=%2Fwp%2Fv2%2Fcategories&post=60026"},{"taxonomy":"post_tag","embeddable":true,"href":"https:\/\/www.egemtv.com\/index.php?rest_route=%2Fwp%2Fv2%2Ftags&post=60026"}],"curies":[{"name":"wp","href":"https:\/\/api.w.org\/{rel}","templated":true}]}}