{"id":60023,"date":"2025-10-08T09:54:52","date_gmt":"2025-10-08T06:54:52","guid":{"rendered":"https:\/\/www.egemtv.com\/?p=60023"},"modified":"2025-10-08T09:54:52","modified_gmt":"2025-10-08T06:54:52","slug":"egiad-meleklerinden-skymoda-100-bin-dolarlik-yatirim","status":"publish","type":"post","link":"https:\/\/www.egemtv.com\/?p=60023","title":{"rendered":"EG\u0130AD Melekleri\u2019nden Skymod\u2019a 100 bin dolarl\u0131k yat\u0131r\u0131m"},"content":{"rendered":"<p>\u0130zmir merkezli melek yat\u0131r\u0131m a\u011f\u0131 EG\u0130AD Melekleri, yapay zek\u00e2 teknolojileri alan\u0131nda faaliyet g\u00f6steren Skymod Teknoloji\u2019ye 100 bin dolarl\u0131k yat\u0131r\u0131m yapt\u0131. Bu yat\u0131r\u0131m, Ege B\u00f6lgesi\u2019nden \u00e7\u0131kan yenilik\u00e7i teknoloji giri\u015fimlerinin ulusal ve uluslararas\u0131 \u00f6l\u00e7ekte b\u00fcy\u00fcmesine katk\u0131 sunma hedefinin bir g\u00f6stergesi olarak de\u011ferlendirildi.<br \/>\n<br \/>2023 y\u0131l\u0131nda \u0130zmir Bilimpark\u2019ta Oltan Dere ve Gizem Argun\u015fah taraf\u0131ndan kurulan Skymod, kurumsal firmalar\u0131n operasyonel verimlili\u011fini yeniden tan\u0131mlamay\u0131 hedefleyen, T\u00fcrkiye pazar\u0131na \u00f6zel optimize edilmi\u015f yerli b\u00fcy\u00fck dil modeli Goat ve SkyStudio platformuyla dikkat \u00e7ekiyor. SkyStudio, \u015firketlerin \u00fcretken yapay zek\u00e2 modelleriyle do\u011fal dilde etkile\u015fime girebildi\u011fi, ERP ve CRM gibi sistemlerle entegre \u00e7al\u0131\u015fan asistan ve ajan mod\u00fclleri sunuyor. Bu sayede kurumlar; dok\u00fcman, g\u00f6rsel ve veri analizi gibi alanlarda kendi verileriyle &#8220;konu\u015farak&#8221; i\u015f ak\u0131\u015flar\u0131n\u0131 ak\u0131ll\u0131ca otomatize edebiliyor. Otomotivden perakendeye, \u00fcretimden teknolojiye uzanan 30\u2019dan fazla kurumsal m\u00fc\u015fteriye sahip olan Skymod, y\u00fcksek veri g\u00fcvenli\u011fi ve \u00f6zelle\u015ftirilebilir yap\u0131s\u0131yla k\u00fcresel rakiplerinden ayr\u0131\u015f\u0131yor.<br \/>\n<br \/>EG\u0130AD Melekleri\u2019nin yat\u0131r\u0131m\u0131, Skymod\u2019un Ar-Ge \u00e7al\u0131\u015fmalar\u0131n\u0131 h\u0131zland\u0131rmas\u0131na, SkyStudio platformunu geli\u015ftirmesine ve yurt d\u0131\u015f\u0131 a\u00e7\u0131l\u0131m\u0131n\u0131 g\u00fc\u00e7lendirmesine imk\u00e2n tan\u0131yacak. EG\u0130AD Melekleri \u0130cra Kurulu Ba\u015fkan\u0131 Arda Y\u0131lmaz, yat\u0131r\u0131m\u0131n stratejik \u00f6nemine dikkat \u00e7ekerek, &#8220;Skymod\u2019un vizyonu global \u00f6l\u00e7ekte rekabet edebilecek bir yapay zeka markas\u0131 olu\u015fturmak. Bu yat\u0131r\u0131m, \u0130zmir\u2019den d\u00fcnyaya a\u00e7\u0131labilecek g\u00fc\u00e7l\u00fc bir hikayenin ba\u015flang\u0131c\u0131d\u0131r&#8221; dedi.<br \/>\n<br \/>Skymod CEO\u2019su Oltan Dere, yat\u0131r\u0131m\u0131 &#8220;ekibin vizyonuna olan inanc\u0131n g\u00f6stergesi&#8221; olarak nitelendirirken, &#8220;T\u00fcrkiye\u2019de yerli ve g\u00fcvenli yapay zek\u00e2 \u00e7\u00f6z\u00fcmleri \u00fcretme misyonumuzla global pazarlarda b\u00fcy\u00fcmemizi h\u0131zland\u0131raca\u011f\u0131z&#8221; ifadelerini kulland\u0131.<br \/>\n<br \/>Kurucu ortak Gizem Argun\u015fah ise &#8220;EG\u0130AD Melekleri\u2019nin deste\u011fi yaln\u0131zca finansal de\u011fil, stratejik bir ortakl\u0131k anlam\u0131na geliyor. SkyStudio platformumuzu geli\u015ftirerek T\u00fcrkiye\u2019den \u00e7\u0131kan bir teknoloji lideri olma hedefimize h\u0131zla ilerleyece\u011fiz&#8221; dedi.<br \/>\n<br \/>EG\u0130AD Melekleri, yat\u0131r\u0131m\u0131n yan\u0131 s\u0131ra mentorluk, stratejik y\u00f6nlendirme ve geni\u015f i\u015f a\u011f\u0131 deste\u011fiyle Ege B\u00f6lgesi\u2019nin inovasyon ekosistemine katk\u0131 sunmay\u0131 s\u00fcrd\u00fcrecek.<\/p>\n<p>Skymod\u2019un Gelecek Hedefleri<br \/>\n<br \/>Yat\u0131r\u0131m turuna ili\u015fkin konu\u015fan Skymod Teknoloji Kurucu Orta\u011f\u0131 ve CEO\u2019su Oltan Dere, &#8220;Bu yat\u0131r\u0131m, ekibimizin vizyonuna ve geli\u015ftirdi\u011fimiz patentlenebilir e\u015fsiz teknolojiye olan inanc\u0131n somut bir g\u00f6stergesidir. T\u00fcrkiye\u2019de yapay zeka alan\u0131nda yerli, g\u00fcvenli, y\u00fcksek do\u011frulukla \u00e7al\u0131\u015fabilen ve sekt\u00f6rlerin problemlerine \u00f6zelle\u015ftirilmi\u015f \u00e7\u00f6z\u00fcmler sunma misyonumuzu s\u00fcrd\u00fcr\u00fcrken, elde etti\u011fimiz bu ivme ile global pazarlarda da b\u00fcy\u00fcmemizi h\u0131zland\u0131raca\u011f\u0131z. Yak\u0131n gelecekte, ba\u015fta SkyStudio platformumuz olmak \u00fczere, kurumsal firmalara \u00f6zel \u00e7\u00f6z\u00fcmlerimizi yeni yeteneklerle zenginle\u015ftirerek pazar liderli\u011fine y\u00fcr\u00fcyebilece\u011fimize dair inanc\u0131m\u0131z tamd\u0131r.&#8221; dedi.<br \/>\n<br \/>Skymod Kurucu Orta\u011f\u0131 Gizem Argun\u015fah ise al\u0131nan yat\u0131r\u0131m\u0131n \u015firket i\u00e7in b\u00fcy\u00fck bir motivasyon oldu\u011funu belirterek \u015funlar\u0131 s\u00f6yledi: &#8220;EG\u0130AD Melekleri\u2019nin deste\u011fi, bizim i\u00e7in yaln\u0131zca finansal de\u011fil, ayn\u0131 zamanda stratejik bir ortakl\u0131k anlam\u0131na geliyor. SkyStudio platformumuzu daha da geli\u015ftirecek, yapay zek\u00e2 \u00e7\u00f6z\u00fcmlerimizi farkl\u0131 sekt\u00f6rlerde yayg\u0131nla\u015ft\u0131racak ve T\u00fcrkiye\u2019den \u00e7\u0131kan bir teknoloji lideri olma hedefimize h\u0131zla ilerleyece\u011fiz.&#8221;<\/p>\n<p>B\u00f6lgesel Ekosisteme Katk\u0131<br \/>\n<br \/>EG\u0130AD Melekleri, finansal yat\u0131r\u0131m\u0131n yan\u0131 s\u0131ra giri\u015fimcilere mentorluk, stratejik y\u00f6nlendirme ve geni\u015f i\u015f a\u011f\u0131 deste\u011fi sunuyor. Skymod yat\u0131r\u0131m\u0131 da bu yakla\u015f\u0131m\u0131n somut bir yans\u0131mas\u0131 oldu. Bu s\u00fcre\u00e7, Ege B\u00f6lgesi\u2019nin inovasyon ve teknoloji ekosisteminin g\u00fc\u00e7lenmesine katk\u0131 sa\u011flayarak yeni giri\u015fimlerin \u00f6n\u00fcn\u00fc a\u00e7acak bir geli\u015fme olarak g\u00f6r\u00fcl\u00fcyor.<br \/><\/p>\n","protected":false},"excerpt":{"rendered":"<p>\u0130zmir merkezli melek yat\u0131r\u0131m a\u011f\u0131 EG\u0130AD Melekleri, yapay zek\u00e2 teknolojileri alan\u0131nda faaliyet g\u00f6steren Skymod Teknoloji\u2019ye 100 bin dolarl\u0131k yat\u0131r\u0131m yapt\u0131. Bu yat\u0131r\u0131m, Ege B\u00f6lgesi\u2019nden \u00e7\u0131kan yenilik\u00e7i teknoloji giri\u015fimlerinin ulusal ve uluslararas\u0131 \u00f6l\u00e7ekte b\u00fcy\u00fcmesine katk\u0131 sunma hedefinin bir g\u00f6stergesi olarak de\u011ferlendirildi. 2023 y\u0131l\u0131nda \u0130zmir Bilimpark\u2019ta Oltan Dere ve Gizem Argun\u015fah taraf\u0131ndan kurulan Skymod, kurumsal firmalar\u0131n operasyonel&#8230;<\/p>\n","protected":false},"author":1,"featured_media":60024,"comment_status":"open","ping_status":"open","sticky":false,"template":"","format":"standard","meta":{"_crdt_document":"","footnotes":""},"categories":[125],"tags":[],"class_list":["post-60023","post","type-post","status-publish","format-standard","has-post-thumbnail","hentry","category-ekonomi"],"_links":{"self":[{"href":"https:\/\/www.egemtv.com\/index.php?rest_route=\/wp\/v2\/posts\/60023","targetHints":{"allow":["GET"]}}],"collection":[{"href":"https:\/\/www.egemtv.com\/index.php?rest_route=\/wp\/v2\/posts"}],"about":[{"href":"https:\/\/www.egemtv.com\/index.php?rest_route=\/wp\/v2\/types\/post"}],"author":[{"embeddable":true,"href":"https:\/\/www.egemtv.com\/index.php?rest_route=\/wp\/v2\/users\/1"}],"replies":[{"embeddable":true,"href":"https:\/\/www.egemtv.com\/index.php?rest_route=%2Fwp%2Fv2%2Fcomments&post=60023"}],"version-history":[{"count":1,"href":"https:\/\/www.egemtv.com\/index.php?rest_route=\/wp\/v2\/posts\/60023\/revisions"}],"predecessor-version":[{"id":60025,"href":"https:\/\/www.egemtv.com\/index.php?rest_route=\/wp\/v2\/posts\/60023\/revisions\/60025"}],"wp:featuredmedia":[{"embeddable":true,"href":"https:\/\/www.egemtv.com\/index.php?rest_route=\/wp\/v2\/media\/60024"}],"wp:attachment":[{"href":"https:\/\/www.egemtv.com\/index.php?rest_route=%2Fwp%2Fv2%2Fmedia&parent=60023"}],"wp:term":[{"taxonomy":"category","embeddable":true,"href":"https:\/\/www.egemtv.com\/index.php?rest_route=%2Fwp%2Fv2%2Fcategories&post=60023"},{"taxonomy":"post_tag","embeddable":true,"href":"https:\/\/www.egemtv.com\/index.php?rest_route=%2Fwp%2Fv2%2Ftags&post=60023"}],"curies":[{"name":"wp","href":"https:\/\/api.w.org\/{rel}","templated":true}]}}