{"id":60017,"date":"2025-10-08T09:54:50","date_gmt":"2025-10-08T06:54:50","guid":{"rendered":"https:\/\/www.egemtv.com\/?p=60017"},"modified":"2025-10-08T09:54:51","modified_gmt":"2025-10-08T06:54:51","slug":"sultanhisarda-saganak-cilek-tarlalarini-vurdu","status":"publish","type":"post","link":"https:\/\/www.egemtv.com\/?p=60017","title":{"rendered":"Sultanhisar\u2019da sa\u011fanak \u00e7ilek tarlalar\u0131n\u0131 vurdu"},"content":{"rendered":"<p>Ayd\u0131n\u2019da etkili olan sa\u011fanak ya\u011f\u0131\u015f hayat\u0131 olumsuz etkilerken \u00e7ilek \u00fcretimiyle \u00f6n plana \u00e7\u0131kan Sultanhisar il\u00e7esinde tarlalar sular alt\u0131nda kald\u0131.<\/p>\n<p>Sultanhisar il\u00e7esine ba\u011fl\u0131 At\u00e7a Mahallesi\u2019nde aral\u0131ks\u0131z s\u00fcren sa\u011fanak ya\u011f\u0131\u015f tar\u0131m arazilerinde su ta\u015fk\u0131nlar\u0131na neden oldu. \u00d6zellikle b\u00f6lge ekonomisinin can damar\u0131 olan \u00e7ilek tarlalar\u0131, k\u0131sa s\u00fcrede biriken ya\u011fmur sular\u0131yla dolup ta\u015ft\u0131. Baz\u0131 \u00fcreticiler, tarlalar\u0131na dolan suyu kendi imkanlar\u0131yla tahliye etmeye \u00e7al\u0131\u015f\u0131rken, \u00e7ilek fidelerinin bir k\u0131sm\u0131n\u0131n \u00e7amur alt\u0131nda kald\u0131\u011f\u0131 g\u00f6r\u00fcld\u00fc. Yetkililer, ya\u011f\u0131\u015flar\u0131n \u00f6n\u00fcm\u00fczdeki g\u00fcnlerde de yer yer etkili olabilece\u011fi uyar\u0131s\u0131nda bulunarak \u00fcreticilerin dikkatli ve tedbirli olmalar\u0131n\u0131 istedi.<br \/><\/p>\n","protected":false},"excerpt":{"rendered":"<p>Ayd\u0131n\u2019da etkili olan sa\u011fanak ya\u011f\u0131\u015f hayat\u0131 olumsuz etkilerken \u00e7ilek \u00fcretimiyle \u00f6n plana \u00e7\u0131kan Sultanhisar il\u00e7esinde tarlalar sular alt\u0131nda kald\u0131. Sultanhisar il\u00e7esine ba\u011fl\u0131 At\u00e7a Mahallesi\u2019nde aral\u0131ks\u0131z s\u00fcren sa\u011fanak ya\u011f\u0131\u015f tar\u0131m arazilerinde su ta\u015fk\u0131nlar\u0131na neden oldu. \u00d6zellikle b\u00f6lge ekonomisinin can damar\u0131 olan \u00e7ilek tarlalar\u0131, k\u0131sa s\u00fcrede biriken ya\u011fmur sular\u0131yla dolup ta\u015ft\u0131. Baz\u0131 \u00fcreticiler, tarlalar\u0131na dolan suyu kendi&#8230;<\/p>\n","protected":false},"author":1,"featured_media":60018,"comment_status":"open","ping_status":"open","sticky":false,"template":"","format":"standard","meta":{"_crdt_document":"","footnotes":""},"categories":[1],"tags":[],"class_list":["post-60017","post","type-post","status-publish","format-standard","has-post-thumbnail","hentry","category-guncel"],"_links":{"self":[{"href":"https:\/\/www.egemtv.com\/index.php?rest_route=\/wp\/v2\/posts\/60017","targetHints":{"allow":["GET"]}}],"collection":[{"href":"https:\/\/www.egemtv.com\/index.php?rest_route=\/wp\/v2\/posts"}],"about":[{"href":"https:\/\/www.egemtv.com\/index.php?rest_route=\/wp\/v2\/types\/post"}],"author":[{"embeddable":true,"href":"https:\/\/www.egemtv.com\/index.php?rest_route=\/wp\/v2\/users\/1"}],"replies":[{"embeddable":true,"href":"https:\/\/www.egemtv.com\/index.php?rest_route=%2Fwp%2Fv2%2Fcomments&post=60017"}],"version-history":[{"count":1,"href":"https:\/\/www.egemtv.com\/index.php?rest_route=\/wp\/v2\/posts\/60017\/revisions"}],"predecessor-version":[{"id":60019,"href":"https:\/\/www.egemtv.com\/index.php?rest_route=\/wp\/v2\/posts\/60017\/revisions\/60019"}],"wp:featuredmedia":[{"embeddable":true,"href":"https:\/\/www.egemtv.com\/index.php?rest_route=\/wp\/v2\/media\/60018"}],"wp:attachment":[{"href":"https:\/\/www.egemtv.com\/index.php?rest_route=%2Fwp%2Fv2%2Fmedia&parent=60017"}],"wp:term":[{"taxonomy":"category","embeddable":true,"href":"https:\/\/www.egemtv.com\/index.php?rest_route=%2Fwp%2Fv2%2Fcategories&post=60017"},{"taxonomy":"post_tag","embeddable":true,"href":"https:\/\/www.egemtv.com\/index.php?rest_route=%2Fwp%2Fv2%2Ftags&post=60017"}],"curies":[{"name":"wp","href":"https:\/\/api.w.org\/{rel}","templated":true}]}}