{"id":60014,"date":"2025-10-08T09:15:02","date_gmt":"2025-10-08T06:15:02","guid":{"rendered":"https:\/\/www.egemtv.com\/?p=60014"},"modified":"2025-10-08T09:15:03","modified_gmt":"2025-10-08T06:15:03","slug":"koskte-ogrencilere-doga-ve-hayvan-sevgisi-asilandi","status":"publish","type":"post","link":"https:\/\/www.egemtv.com\/?p=60014","title":{"rendered":"K\u00f6\u015fk\u2019te \u00f6\u011frencilere do\u011fa ve hayvan sevgisi a\u015f\u0131land\u0131"},"content":{"rendered":"<p>Ayd\u0131n\u2019\u0131n K\u00f6\u015fk il\u00e7esinde jandarma ekipleri taraf\u0131ndan ilkokul \u00f6\u011frencilerine do\u011fa ve hayvan sevgisi a\u015f\u0131land\u0131.<br \/>\n<br \/>Ayd\u0131n \u0130l Jandarma Komutanl\u0131\u011f\u0131 \u00c7evre ve Do\u011fa Koruma Timi taraf\u0131ndan, K\u00f6\u015fk il\u00e7esi Ko\u00e7ak \u0130lkokulu \u00f6\u011frencilerine y\u00f6nelik olarak hayvan sevgisini a\u015f\u0131lamak ve do\u011faya kar\u015f\u0131 fark\u0131ndal\u0131k kazand\u0131rmak amac\u0131yla e\u011fitim faaliyeti ger\u00e7ekle\u015ftirildi. Faaliyet kapsam\u0131nda \u00f6\u011frencilere \u00e7e\u015fitli hayvan t\u00fcrleri tan\u0131t\u0131l\u0131rken, onlar\u0131n ya\u015fam alanlar\u0131 ve ihtiya\u00e7lar\u0131 hakk\u0131nda bilgi verilerek, hayvanlar\u0131n da ya\u015fam hakk\u0131na sahip canl\u0131lar oldu\u011fu vurguland\u0131. \u00c7ocuklara, sevgi ve merhametle yakla\u015f\u0131lan her canl\u0131n\u0131n ya\u015fam\u0131n bir par\u00e7as\u0131 oldu\u011fu, do\u011fan\u0131n dengesinin korunmas\u0131nda her bireyin sorumluluk ta\u015f\u0131d\u0131\u011f\u0131 anlat\u0131ld\u0131.<br \/><\/p>\n","protected":false},"excerpt":{"rendered":"<p>Ayd\u0131n\u2019\u0131n K\u00f6\u015fk il\u00e7esinde jandarma ekipleri taraf\u0131ndan ilkokul \u00f6\u011frencilerine do\u011fa ve hayvan sevgisi a\u015f\u0131land\u0131. Ayd\u0131n \u0130l Jandarma Komutanl\u0131\u011f\u0131 \u00c7evre ve Do\u011fa Koruma Timi taraf\u0131ndan, K\u00f6\u015fk il\u00e7esi Ko\u00e7ak \u0130lkokulu \u00f6\u011frencilerine y\u00f6nelik olarak hayvan sevgisini a\u015f\u0131lamak ve do\u011faya kar\u015f\u0131 fark\u0131ndal\u0131k kazand\u0131rmak amac\u0131yla e\u011fitim faaliyeti ger\u00e7ekle\u015ftirildi. Faaliyet kapsam\u0131nda \u00f6\u011frencilere \u00e7e\u015fitli hayvan t\u00fcrleri tan\u0131t\u0131l\u0131rken, onlar\u0131n ya\u015fam alanlar\u0131 ve ihtiya\u00e7lar\u0131 hakk\u0131nda&#8230;<\/p>\n","protected":false},"author":1,"featured_media":60015,"comment_status":"open","ping_status":"open","sticky":false,"template":"","format":"standard","meta":{"_crdt_document":"","footnotes":""},"categories":[1],"tags":[],"class_list":["post-60014","post","type-post","status-publish","format-standard","has-post-thumbnail","hentry","category-guncel"],"_links":{"self":[{"href":"https:\/\/www.egemtv.com\/index.php?rest_route=\/wp\/v2\/posts\/60014","targetHints":{"allow":["GET"]}}],"collection":[{"href":"https:\/\/www.egemtv.com\/index.php?rest_route=\/wp\/v2\/posts"}],"about":[{"href":"https:\/\/www.egemtv.com\/index.php?rest_route=\/wp\/v2\/types\/post"}],"author":[{"embeddable":true,"href":"https:\/\/www.egemtv.com\/index.php?rest_route=\/wp\/v2\/users\/1"}],"replies":[{"embeddable":true,"href":"https:\/\/www.egemtv.com\/index.php?rest_route=%2Fwp%2Fv2%2Fcomments&post=60014"}],"version-history":[{"count":1,"href":"https:\/\/www.egemtv.com\/index.php?rest_route=\/wp\/v2\/posts\/60014\/revisions"}],"predecessor-version":[{"id":60016,"href":"https:\/\/www.egemtv.com\/index.php?rest_route=\/wp\/v2\/posts\/60014\/revisions\/60016"}],"wp:featuredmedia":[{"embeddable":true,"href":"https:\/\/www.egemtv.com\/index.php?rest_route=\/wp\/v2\/media\/60015"}],"wp:attachment":[{"href":"https:\/\/www.egemtv.com\/index.php?rest_route=%2Fwp%2Fv2%2Fmedia&parent=60014"}],"wp:term":[{"taxonomy":"category","embeddable":true,"href":"https:\/\/www.egemtv.com\/index.php?rest_route=%2Fwp%2Fv2%2Fcategories&post=60014"},{"taxonomy":"post_tag","embeddable":true,"href":"https:\/\/www.egemtv.com\/index.php?rest_route=%2Fwp%2Fv2%2Ftags&post=60014"}],"curies":[{"name":"wp","href":"https:\/\/api.w.org\/{rel}","templated":true}]}}