{"id":60011,"date":"2025-10-08T09:15:00","date_gmt":"2025-10-08T06:15:00","guid":{"rendered":"https:\/\/www.egemtv.com\/?p=60011"},"modified":"2025-10-08T09:15:01","modified_gmt":"2025-10-08T06:15:01","slug":"koycegizli-koparan-avrupa-yolunda","status":"publish","type":"post","link":"https:\/\/www.egemtv.com\/?p=60011","title":{"rendered":"K\u00f6yce\u011fizli Koparan, Avrupa yolunda"},"content":{"rendered":"<p>Mu\u011fla\u2019n\u0131n K\u00f6yce\u011fiz il\u00e7esi Yunus Emre Ortaokulu \u00f6\u011frencisi Zi\u015fan Koparan, Alanya\u2019da d\u00fczenlenen Y\u0131ld\u0131zlar Milli Tak\u0131m se\u00e7melerinde \u015fampiyon oldu.<\/p>\n<p>T\u00fcrkiye Taekwondo Federasyonu taraf\u0131ndan Alanya Atat\u00fcrk Spor Salonu\u2019nda ger\u00e7ekle\u015ftirilen 400 sporcunun kat\u0131ld\u0131\u011f\u0131 Y\u0131ld\u0131zlar Avrupa Taekwondo \u015eampiyonas\u0131 Milli Tak\u0131m Se\u00e7melerinde Zi\u015fan Koparan, \u00e7\u0131kt\u0131\u011f\u0131 5 ma\u00e7\u0131n tamam\u0131n\u0131 kazanarak \u015fampiyon oldu. Ba\u015far\u0131s\u0131yla 6-8 Kas\u0131m tarihlerinde Yunanistan\u2019da yap\u0131lacak Y\u0131ld\u0131zlar Avrupa \u015eampiyonas\u0131\u2019nda Milli Tak\u0131m kadrosunda \u00fclkemizi temsil edecek.<\/p>\n<p>Mu\u011fla Gen\u00e7lik ve Spor \u0130l M\u00fcd\u00fcrl\u00fc\u011f\u00fc taraf\u0131ndan sosyal medya hesab\u0131ndan yap\u0131lan a\u00e7\u0131klamada, &#8220;Bizleri gururland\u0131ran sporcumuzu ve antren\u00f6rlerimizi y\u00fcrekten tebrik ediyor, Avrupa arenas\u0131nda ba\u015far\u0131lar\u0131n\u0131n devam\u0131n\u0131 diliyoruz&#8221; denildi.<br \/><\/p>\n","protected":false},"excerpt":{"rendered":"<p>Mu\u011fla\u2019n\u0131n K\u00f6yce\u011fiz il\u00e7esi Yunus Emre Ortaokulu \u00f6\u011frencisi Zi\u015fan Koparan, Alanya\u2019da d\u00fczenlenen Y\u0131ld\u0131zlar Milli Tak\u0131m se\u00e7melerinde \u015fampiyon oldu. T\u00fcrkiye Taekwondo Federasyonu taraf\u0131ndan Alanya Atat\u00fcrk Spor Salonu\u2019nda ger\u00e7ekle\u015ftirilen 400 sporcunun kat\u0131ld\u0131\u011f\u0131 Y\u0131ld\u0131zlar Avrupa Taekwondo \u015eampiyonas\u0131 Milli Tak\u0131m Se\u00e7melerinde Zi\u015fan Koparan, \u00e7\u0131kt\u0131\u011f\u0131 5 ma\u00e7\u0131n tamam\u0131n\u0131 kazanarak \u015fampiyon oldu. Ba\u015far\u0131s\u0131yla 6-8 Kas\u0131m tarihlerinde Yunanistan\u2019da yap\u0131lacak Y\u0131ld\u0131zlar Avrupa \u015eampiyonas\u0131\u2019nda Milli&#8230;<\/p>\n","protected":false},"author":1,"featured_media":60012,"comment_status":"open","ping_status":"open","sticky":false,"template":"","format":"standard","meta":{"_crdt_document":"","footnotes":""},"categories":[4],"tags":[],"class_list":["post-60011","post","type-post","status-publish","format-standard","has-post-thumbnail","hentry","category-spor"],"_links":{"self":[{"href":"https:\/\/www.egemtv.com\/index.php?rest_route=\/wp\/v2\/posts\/60011","targetHints":{"allow":["GET"]}}],"collection":[{"href":"https:\/\/www.egemtv.com\/index.php?rest_route=\/wp\/v2\/posts"}],"about":[{"href":"https:\/\/www.egemtv.com\/index.php?rest_route=\/wp\/v2\/types\/post"}],"author":[{"embeddable":true,"href":"https:\/\/www.egemtv.com\/index.php?rest_route=\/wp\/v2\/users\/1"}],"replies":[{"embeddable":true,"href":"https:\/\/www.egemtv.com\/index.php?rest_route=%2Fwp%2Fv2%2Fcomments&post=60011"}],"version-history":[{"count":1,"href":"https:\/\/www.egemtv.com\/index.php?rest_route=\/wp\/v2\/posts\/60011\/revisions"}],"predecessor-version":[{"id":60013,"href":"https:\/\/www.egemtv.com\/index.php?rest_route=\/wp\/v2\/posts\/60011\/revisions\/60013"}],"wp:featuredmedia":[{"embeddable":true,"href":"https:\/\/www.egemtv.com\/index.php?rest_route=\/wp\/v2\/media\/60012"}],"wp:attachment":[{"href":"https:\/\/www.egemtv.com\/index.php?rest_route=%2Fwp%2Fv2%2Fmedia&parent=60011"}],"wp:term":[{"taxonomy":"category","embeddable":true,"href":"https:\/\/www.egemtv.com\/index.php?rest_route=%2Fwp%2Fv2%2Fcategories&post=60011"},{"taxonomy":"post_tag","embeddable":true,"href":"https:\/\/www.egemtv.com\/index.php?rest_route=%2Fwp%2Fv2%2Ftags&post=60011"}],"curies":[{"name":"wp","href":"https:\/\/api.w.org\/{rel}","templated":true}]}}